{"id":84373,"date":"2026-01-31T18:35:41","date_gmt":"2026-01-31T15:35:41","guid":{"rendered":"https:\/\/www.egemtv.com\/?p=84373"},"modified":"2026-01-31T18:35:42","modified_gmt":"2026-01-31T15:35:42","slug":"yogun-yasin-ardindan-belediye-ekipleri-sahada","status":"publish","type":"post","link":"https:\/\/www.egemtv.com\/?p=84373","title":{"rendered":"Yo\u011fun ya\u015f\u0131n ard\u0131ndan belediye ekipleri sahada"},"content":{"rendered":"<p>Ayd\u0131n\u2019\u0131n Efeler il\u00e7esinde etkili olan yo\u011fun ya\u011f\u0131\u015f sonras\u0131, baz\u0131 b\u00f6lgelerde olumsuzluklara neden olurken, Efeler Belediyesi olumsuzlar\u0131 gidermek i\u00e7in sahada \u00e7al\u0131\u015fmalara ba\u015flad\u0131.<\/p>\n<p>Efeler\u2019de etkili olan sa\u011fanak ya\u011f\u0131\u015f dolay\u0131s\u0131yla K\u0131z\u0131lcak\u00f6y Mahallesi\u2019nde ya\u011fmur sular\u0131n\u0131n ta\u015f\u0131d\u0131\u011f\u0131 toprak ve \u00e7amur, cadde ve sokaklarda birikerek \u00e7evre kirlili\u011fine ve ula\u015f\u0131mda aksamalara yol a\u00e7t\u0131. Ya\u015fanan durumun belediyeye bildirilmesinin ard\u0131ndan Efeler Belediyesi ekipleri b\u00f6lgeye sevk edildi. Fen \u0130\u015fleri M\u00fcd\u00fcrl\u00fc\u011f\u00fc ile Temizlik \u0130\u015fleri M\u00fcd\u00fcrl\u00fc\u011f\u00fc ekipleri taraf\u0131ndan ger\u00e7ekle\u015ftirilen \u00e7al\u0131\u015fmalar kapsam\u0131nda, \u00e7amurla kaplanan yollar temizlenirken, \u00e7evrede olu\u015fan birikintiler de kald\u0131r\u0131ld\u0131.<\/p>\n<p>Efeler Belediye Ba\u015fkan\u0131 An\u0131l Yeti\u015fkin ya\u015fanan olumsuzluklara kar\u015f\u0131 ekiplerin h\u0131zl\u0131 \u015fekilde m\u00fcdahale etti\u011fini belirterek, &#8220;Yo\u011fun ya\u011f\u0131\u015flar\u0131n olu\u015fturdu\u011fu olumsuzluklara kar\u015f\u0131 ekiplerimiz 7\/24 g\u00f6rev ba\u015f\u0131nda. Hem\u015fehrilerimizin g\u00fcnl\u00fck ya\u015fam\u0131n\u0131n aksamamas\u0131 ve ma\u011fduriyet ya\u015fanmamas\u0131 i\u00e7in \u00e7al\u0131\u015fmalar\u0131m\u0131z\u0131 s\u00fcrd\u00fcr\u00fcyoruz&#8221; ifadelerini kulland\u0131.<\/p>\n<p>Efeler Belediyesi, benzer olumsuzluklar\u0131n ya\u015fanmamas\u0131 ad\u0131na riskli b\u00f6lgelerde gerekli kontrolleri s\u00fcrd\u00fcr\u00fcrken, vatanda\u015flardan olumsuz durumlar\u0131 444 80 09 numaras\u0131 \u00fczerinden belediyeye bildirmeleri istendi. Belediye ekiplerinin il\u00e7e genelinde teyakkuz halinde oldu\u011fu bildirildi.<br \/><\/p>\n","protected":false},"excerpt":{"rendered":"<p>Ayd\u0131n\u2019\u0131n Efeler il\u00e7esinde etkili olan yo\u011fun ya\u011f\u0131\u015f sonras\u0131, baz\u0131 b\u00f6lgelerde olumsuzluklara neden olurken, Efeler Belediyesi olumsuzlar\u0131 gidermek i\u00e7in sahada \u00e7al\u0131\u015fmalara ba\u015flad\u0131. Efeler\u2019de etkili olan sa\u011fanak ya\u011f\u0131\u015f dolay\u0131s\u0131yla K\u0131z\u0131lcak\u00f6y Mahallesi\u2019nde ya\u011fmur sular\u0131n\u0131n ta\u015f\u0131d\u0131\u011f\u0131 toprak ve \u00e7amur, cadde ve sokaklarda birikerek \u00e7evre kirlili\u011fine ve ula\u015f\u0131mda aksamalara yol a\u00e7t\u0131. Ya\u015fanan durumun belediyeye bildirilmesinin ard\u0131ndan Efeler Belediyesi ekipleri b\u00f6lgeye&#8230;<\/p>\n","protected":false},"author":1,"featured_media":84374,"comment_status":"open","ping_status":"open","sticky":false,"template":"","format":"standard","meta":{"_crdt_document":"","footnotes":""},"categories":[1],"tags":[],"class_list":["post-84373","post","type-post","status-publish","format-standard","has-post-thumbnail","hentry","category-guncel"],"_links":{"self":[{"href":"https:\/\/www.egemtv.com\/index.php?rest_route=\/wp\/v2\/posts\/84373","targetHints":{"allow":["GET"]}}],"collection":[{"href":"https:\/\/www.egemtv.com\/index.php?rest_route=\/wp\/v2\/posts"}],"about":[{"href":"https:\/\/www.egemtv.com\/index.php?rest_route=\/wp\/v2\/types\/post"}],"author":[{"embeddable":true,"href":"https:\/\/www.egemtv.com\/index.php?rest_route=\/wp\/v2\/users\/1"}],"replies":[{"embeddable":true,"href":"https:\/\/www.egemtv.com\/index.php?rest_route=%2Fwp%2Fv2%2Fcomments&post=84373"}],"version-history":[{"count":1,"href":"https:\/\/www.egemtv.com\/index.php?rest_route=\/wp\/v2\/posts\/84373\/revisions"}],"predecessor-version":[{"id":84375,"href":"https:\/\/www.egemtv.com\/index.php?rest_route=\/wp\/v2\/posts\/84373\/revisions\/84375"}],"wp:featuredmedia":[{"embeddable":true,"href":"https:\/\/www.egemtv.com\/index.php?rest_route=\/wp\/v2\/media\/84374"}],"wp:attachment":[{"href":"https:\/\/www.egemtv.com\/index.php?rest_route=%2Fwp%2Fv2%2Fmedia&parent=84373"}],"wp:term":[{"taxonomy":"category","embeddable":true,"href":"https:\/\/www.egemtv.com\/index.php?rest_route=%2Fwp%2Fv2%2Fcategories&post=84373"},{"taxonomy":"post_tag","embeddable":true,"href":"https:\/\/www.egemtv.com\/index.php?rest_route=%2Fwp%2Fv2%2Ftags&post=84373"}],"curies":[{"name":"wp","href":"https:\/\/api.w.org\/{rel}","templated":true}]}}