{"id":84370,"date":"2026-01-31T18:15:07","date_gmt":"2026-01-31T15:15:07","guid":{"rendered":"https:\/\/www.egemtv.com\/?p=84370"},"modified":"2026-01-31T18:15:08","modified_gmt":"2026-01-31T15:15:08","slug":"sarihanli-soforler-odasinda-baskan-bilek-guven-tazeledi","status":"publish","type":"post","link":"https:\/\/www.egemtv.com\/?p=84370","title":{"rendered":"Sar\u0131hanl\u0131 \u015eof\u00f6rler Odas\u0131nda Ba\u015fkan Bilek g\u00fcven tazeledi"},"content":{"rendered":"<p>Saruhanl\u0131 \u015eof\u00f6rler ve Otomobilciler Esnaf Odas\u0131\u2019n\u0131n tek listeyle yap\u0131lan genel kurulunda mevcut Ba\u015fkan Arif Bilek, g\u00fcven tazeleyerek \u00fc\u00e7\u00fcnc\u00fc kez ba\u015fkanl\u0131\u011fa se\u00e7ildi.<br \/>\n<br \/>Manisa\u2019n\u0131n Saruhanl\u0131 il\u00e7esinde Saruhanl\u0131 \u015eof\u00f6rler ve Otomobilciler Esnaf Odas\u0131\u2019n\u0131n tek listeyle ger\u00e7ekle\u015ftirilen genel kurulunda mevcut ba\u015fkan Arif Bilek, g\u00fcven tazeleyerek \u00fc\u00e7\u00fcnc\u00fc kez ba\u015fkanl\u0131\u011fa se\u00e7ildi.<br \/>\n<br \/>Saruhanl\u0131 Belediyesi H\u00fcseyin Yaral\u0131 K\u00fclt\u00fcr Merkezi\u2019nde d\u00fczenlenen genel kurula; Saruhanl\u0131 Belediye Ba\u015fkan\u0131 Ekrem C\u0131ll\u0131, Manisa Esnaf ve Sanatk\u00e2rlar Odalar\u0131 Birli\u011fi (MESOB) Ba\u015fkan\u0131 Hasan Geriter, Manisa \u015eof\u00f6rler ve Otomobilciler Esnaf Odas\u0131 Ba\u015fkan\u0131 Cahit G\u00fcden, Saruhanl\u0131 Esnaf ve Sanatk\u00e2rlar Kredi ve Kefalet Kooperatifi Ba\u015fkan\u0131 Ali Kan, Saruhanl\u0131 Esnaf ve Sanatk\u00e2rlar Odas\u0131 Ba\u015fkan\u0131 Ahmet Emin Kenez, Saruhanl\u0131 Ziraat Odas\u0131 Ba\u015fkan\u0131 Aydo\u011fan Okur, Saruhanl\u0131 Sanayi Sitesi Kooperatifi Ba\u015fkan\u0131 Erdem Kurt, Manisa Kamyoncular Motorlu Ta\u015f\u0131y\u0131c\u0131lar Kooperatifi Ba\u015fkan\u0131 Fahrettin Baru ile esnaf oda ba\u015fkanlar\u0131, siyasi parti temsilcileri ve sivil toplum kurulu\u015flar\u0131n\u0131n temsilcileri kat\u0131ld\u0131.<br \/>\n<br \/>Genel kurulun divan ba\u015fkanl\u0131\u011f\u0131n\u0131 MESOB Ba\u015fkan\u0131 Hasan Geriter, divan ba\u015fkanvekilli\u011fini ise Turgutlu Tenekeciler Odas\u0131 Ba\u015fkan\u0131 Faruk Ula\u015f yapt\u0131. Genel kurulda ayr\u0131ca odada 25\u2019inci ve 30\u2019uncu y\u0131l\u0131n\u0131 dolduran \u00fcyelere plaket takdim edildi.<br \/>\n<br \/>Saruhanl\u0131 \u015eof\u00f6rler ve Otomobilciler Esnaf Odas\u0131 Ba\u015fkan\u0131 Arif Bilek, genel kurula kat\u0131lan herkese te\u015fekk\u00fcr ederek, genel kurulun Saruhanl\u0131 esnaf ve sanatk\u00e2rlar\u0131na hay\u0131rl\u0131 olmas\u0131n\u0131 diledi. Bilek, her zaman \u015fof\u00f6r esnaf\u0131n\u0131n yan\u0131nda olduklar\u0131n\u0131 ifade etti.<br \/>\n<br \/>Ba\u015fkan Arif Bilek\u2019in y\u00f6netim kurulunda Hasan Ayd\u0131r, Resul Ya\u011f\u0131ml\u0131, Ramazan Uzundal, Muharrem G\u00f6ral, Mesut Akkaya ve Erhan Akta\u015f yer ald\u0131. Yedek \u00fcyeliklere ise \u0130zzet Ermi\u015f, Recep \u0130\u00e7en, \u015eenol \u00dclgen, Osman Akman, Efkan \u00d6zdemir, \u0130smail Gedik ve Sedat Ya\u015far se\u00e7ildi.<br \/>\n<br \/>Denetim Kurulu asil \u00fcyeleri \u00dcmit Ba\u015fkaya, \u00d6zg\u00fcr Karakuzu ve Sadullah K\u0131l\u0131n\u00e7 olurken, yedek \u00fcyeliklere \u00d6zg\u00fcr Sa\u011fl\u0131k, Fahri Ko\u00e7 ve \u0130sa Pehlivan getirildi.<br \/><\/p>\n","protected":false},"excerpt":{"rendered":"<p>Saruhanl\u0131 \u015eof\u00f6rler ve Otomobilciler Esnaf Odas\u0131\u2019n\u0131n tek listeyle yap\u0131lan genel kurulunda mevcut Ba\u015fkan Arif Bilek, g\u00fcven tazeleyerek \u00fc\u00e7\u00fcnc\u00fc kez ba\u015fkanl\u0131\u011fa se\u00e7ildi. Manisa\u2019n\u0131n Saruhanl\u0131 il\u00e7esinde Saruhanl\u0131 \u015eof\u00f6rler ve Otomobilciler Esnaf Odas\u0131\u2019n\u0131n tek listeyle ger\u00e7ekle\u015ftirilen genel kurulunda mevcut ba\u015fkan Arif Bilek, g\u00fcven tazeleyerek \u00fc\u00e7\u00fcnc\u00fc kez ba\u015fkanl\u0131\u011fa se\u00e7ildi. Saruhanl\u0131 Belediyesi H\u00fcseyin Yaral\u0131 K\u00fclt\u00fcr Merkezi\u2019nde d\u00fczenlenen genel kurula; Saruhanl\u0131&#8230;<\/p>\n","protected":false},"author":1,"featured_media":84371,"comment_status":"open","ping_status":"open","sticky":false,"template":"","format":"standard","meta":{"_crdt_document":"","footnotes":""},"categories":[1],"tags":[],"class_list":["post-84370","post","type-post","status-publish","format-standard","has-post-thumbnail","hentry","category-guncel"],"_links":{"self":[{"href":"https:\/\/www.egemtv.com\/index.php?rest_route=\/wp\/v2\/posts\/84370","targetHints":{"allow":["GET"]}}],"collection":[{"href":"https:\/\/www.egemtv.com\/index.php?rest_route=\/wp\/v2\/posts"}],"about":[{"href":"https:\/\/www.egemtv.com\/index.php?rest_route=\/wp\/v2\/types\/post"}],"author":[{"embeddable":true,"href":"https:\/\/www.egemtv.com\/index.php?rest_route=\/wp\/v2\/users\/1"}],"replies":[{"embeddable":true,"href":"https:\/\/www.egemtv.com\/index.php?rest_route=%2Fwp%2Fv2%2Fcomments&post=84370"}],"version-history":[{"count":1,"href":"https:\/\/www.egemtv.com\/index.php?rest_route=\/wp\/v2\/posts\/84370\/revisions"}],"predecessor-version":[{"id":84372,"href":"https:\/\/www.egemtv.com\/index.php?rest_route=\/wp\/v2\/posts\/84370\/revisions\/84372"}],"wp:featuredmedia":[{"embeddable":true,"href":"https:\/\/www.egemtv.com\/index.php?rest_route=\/wp\/v2\/media\/84371"}],"wp:attachment":[{"href":"https:\/\/www.egemtv.com\/index.php?rest_route=%2Fwp%2Fv2%2Fmedia&parent=84370"}],"wp:term":[{"taxonomy":"category","embeddable":true,"href":"https:\/\/www.egemtv.com\/index.php?rest_route=%2Fwp%2Fv2%2Fcategories&post=84370"},{"taxonomy":"post_tag","embeddable":true,"href":"https:\/\/www.egemtv.com\/index.php?rest_route=%2Fwp%2Fv2%2Ftags&post=84370"}],"curies":[{"name":"wp","href":"https:\/\/api.w.org\/{rel}","templated":true}]}}