{"id":84367,"date":"2026-01-31T18:15:06","date_gmt":"2026-01-31T15:15:06","guid":{"rendered":"https:\/\/www.egemtv.com\/?p=84367"},"modified":"2026-01-31T18:15:07","modified_gmt":"2026-01-31T15:15:07","slug":"meteorolojiden-aydin-icin-cok-kuvvetli-yagis-uyarisi","status":"publish","type":"post","link":"https:\/\/www.egemtv.com\/?p=84367","title":{"rendered":"Meteoroloji\u2019den Ayd\u0131n i\u00e7in \u00e7ok kuvvetli ya\u011f\u0131\u015f uyar\u0131s\u0131"},"content":{"rendered":"<p>Meteoroloji Genel M\u00fcd\u00fcrl\u00fc\u011f\u00fc, Ayd\u0131n genelinde \u00e7ok kuvvetli ve yerel olarak \u015fiddetli sa\u011fanak ya\u011f\u0131\u015f beklendi\u011fini belirterek vatanda\u015flar\u0131 sel ve su bask\u0131n\u0131 ba\u015fta olmak \u00fczere ya\u015fanabilecek olumsuzluklara kar\u015f\u0131 uyard\u0131.<\/p>\n<p>Meteoroloji 2. B\u00f6lge M\u00fcd\u00fcrl\u00fc\u011f\u00fc \u0130zmir B\u00f6lge Tahmin ve Erken Uyar\u0131 Merkezi taraf\u0131ndan yap\u0131lan son de\u011ferlendirmelere g\u00f6re, 1 \u015eubat 2026 Pazar g\u00fcn\u00fc \u00f6\u011fle saatlerinden itibaren Ayd\u0131n merkez ve do\u011fu il\u00e7elerinde kuvvetli (21-50 kg\/m) sa\u011fanak ve g\u00f6k g\u00fcr\u00fclt\u00fcl\u00fc sa\u011fanak ya\u011f\u0131\u015f bekleniyor. Bat\u0131 il\u00e7elerinde ise ya\u011f\u0131\u015flar\u0131n aral\u0131kl\u0131 ve yerel olarak \u00e7ok kuvvetli ile \u015fiddetli (50-100 kg\/m) olaca\u011f\u0131 tahmin ediliyor. Ya\u011f\u0131\u015flar\u0131n 2 \u015eubat 2026 Pazartesi g\u00fcn\u00fc saat 06.00\u2019ya kadar etkili olmas\u0131 beklenirken, bu s\u00fcre\u00e7te sel, su bask\u0131n\u0131, y\u0131ld\u0131r\u0131m, yerel dolu ya\u011f\u0131\u015f\u0131, ya\u011f\u0131\u015f an\u0131nda kuvvetli r\u00fczgar, k\u0131y\u0131 kesimlerde hortum olu\u015fumu, heyelan ve toprak kaymas\u0131 risklerine kar\u015f\u0131 dikkatli olunmas\u0131 gerekti\u011fi belirtildi.<\/p>\n<p>Meteoroloji yetkilileri, ba\u015fta Ku\u015fadas\u0131, Didim, S\u00f6ke, Efeler, Nazilli, Germencik, \u0130ncirliova, K\u00f6\u015fk, Bozdo\u011fan ve Karacasu olmak \u00fczere il genelinde vatanda\u015flar\u0131n ve s\u00fcr\u00fcc\u00fclerin tedbirli davranmalar\u0131 \u00e7a\u011fr\u0131s\u0131nda bulundu.<br \/><\/p>\n","protected":false},"excerpt":{"rendered":"<p>Meteoroloji Genel M\u00fcd\u00fcrl\u00fc\u011f\u00fc, Ayd\u0131n genelinde \u00e7ok kuvvetli ve yerel olarak \u015fiddetli sa\u011fanak ya\u011f\u0131\u015f beklendi\u011fini belirterek vatanda\u015flar\u0131 sel ve su bask\u0131n\u0131 ba\u015fta olmak \u00fczere ya\u015fanabilecek olumsuzluklara kar\u015f\u0131 uyard\u0131. Meteoroloji 2. B\u00f6lge M\u00fcd\u00fcrl\u00fc\u011f\u00fc \u0130zmir B\u00f6lge Tahmin ve Erken Uyar\u0131 Merkezi taraf\u0131ndan yap\u0131lan son de\u011ferlendirmelere g\u00f6re, 1 \u015eubat 2026 Pazar g\u00fcn\u00fc \u00f6\u011fle saatlerinden itibaren Ayd\u0131n merkez ve do\u011fu&#8230;<\/p>\n","protected":false},"author":1,"featured_media":84368,"comment_status":"open","ping_status":"open","sticky":false,"template":"","format":"standard","meta":{"_crdt_document":"","footnotes":""},"categories":[1],"tags":[],"class_list":["post-84367","post","type-post","status-publish","format-standard","has-post-thumbnail","hentry","category-guncel"],"_links":{"self":[{"href":"https:\/\/www.egemtv.com\/index.php?rest_route=\/wp\/v2\/posts\/84367","targetHints":{"allow":["GET"]}}],"collection":[{"href":"https:\/\/www.egemtv.com\/index.php?rest_route=\/wp\/v2\/posts"}],"about":[{"href":"https:\/\/www.egemtv.com\/index.php?rest_route=\/wp\/v2\/types\/post"}],"author":[{"embeddable":true,"href":"https:\/\/www.egemtv.com\/index.php?rest_route=\/wp\/v2\/users\/1"}],"replies":[{"embeddable":true,"href":"https:\/\/www.egemtv.com\/index.php?rest_route=%2Fwp%2Fv2%2Fcomments&post=84367"}],"version-history":[{"count":1,"href":"https:\/\/www.egemtv.com\/index.php?rest_route=\/wp\/v2\/posts\/84367\/revisions"}],"predecessor-version":[{"id":84369,"href":"https:\/\/www.egemtv.com\/index.php?rest_route=\/wp\/v2\/posts\/84367\/revisions\/84369"}],"wp:featuredmedia":[{"embeddable":true,"href":"https:\/\/www.egemtv.com\/index.php?rest_route=\/wp\/v2\/media\/84368"}],"wp:attachment":[{"href":"https:\/\/www.egemtv.com\/index.php?rest_route=%2Fwp%2Fv2%2Fmedia&parent=84367"}],"wp:term":[{"taxonomy":"category","embeddable":true,"href":"https:\/\/www.egemtv.com\/index.php?rest_route=%2Fwp%2Fv2%2Fcategories&post=84367"},{"taxonomy":"post_tag","embeddable":true,"href":"https:\/\/www.egemtv.com\/index.php?rest_route=%2Fwp%2Fv2%2Ftags&post=84367"}],"curies":[{"name":"wp","href":"https:\/\/api.w.org\/{rel}","templated":true}]}}