{"id":84361,"date":"2026-01-31T17:54:39","date_gmt":"2026-01-31T14:54:39","guid":{"rendered":"https:\/\/www.egemtv.com\/?p=84361"},"modified":"2026-01-31T17:54:40","modified_gmt":"2026-01-31T14:54:40","slug":"manisa-buyuksehir-belediyesi-servis-soforlerinin-taleplerini-dinledi","status":"publish","type":"post","link":"https:\/\/www.egemtv.com\/?p=84361","title":{"rendered":"Manisa B\u00fcy\u00fck\u015fehir Belediyesi, Servis \u015eof\u00f6rlerinin Taleplerini Dinledi"},"content":{"rendered":"<p>Manisa kent genelinde \u00f6\u011frenci ve personel ta\u015f\u0131mac\u0131\u011f\u0131l\u0131 yapan servis s\u00fcr\u00fcc\u00fcleriyle bir araya gelen Manisa B\u00fcy\u00fck\u015fehir Belediyesi, ula\u015f\u0131m\u0131n daha konforlu ve g\u00fcvenli hale getirilmesi fikir al\u0131\u015fveri\u015finde bulundu.<br \/>\n<br \/>Manisa B\u00fcy\u00fck\u015fehir Belediyesi, kent genelinde personel ve \u00f6\u011frenci ta\u015f\u0131mac\u0131l\u0131\u011f\u0131 yapan servis \u015fof\u00f6rleriyle bir araya gelerek sahadaki talepleri ve \u00e7\u00f6z\u00fcm \u00f6nerilerini masaya yat\u0131rd\u0131. Ula\u015f\u0131m Dairesi Ba\u015fkan\u0131 H\u00fcseyin \u00dcst\u00fcn ba\u015fkanl\u0131\u011f\u0131nda ger\u00e7ekle\u015ftirilen toplant\u0131da, sekt\u00f6r\u00fcn beklentileri ve hizmet kalitesinin art\u0131r\u0131lmas\u0131na y\u00f6nelik isti\u015farelerde bulunuldu.<br \/>\n<br \/>Toplant\u0131ya Manisa B\u00fcy\u00fck\u015fehir Belediyesi Ula\u015f\u0131m Dairesi Ba\u015fkanl\u0131\u011f\u0131\u2019n\u0131n yan\u0131 s\u0131ra \u0130l Jandarma Komutanl\u0131\u011f\u0131, \u0130l Emniyet M\u00fcd\u00fcrl\u00fc\u011f\u00fc ve Manisa \u015eof\u00f6rler ve Otomobilciler Esnaf Odas\u0131 temsilcileri kat\u0131ld\u0131. G\u00f6r\u00fc\u015fmede, i\u015f\u00e7i ve \u00f6\u011frenci servislerinin g\u00fcnl\u00fck i\u015fleyi\u015finde kar\u015f\u0131la\u015ft\u0131\u011f\u0131 aksakl\u0131klar, trafik g\u00fcvenli\u011fi ve saha uygulamalar\u0131 detayl\u0131 bir \u015fekilde de\u011ferlendirildi.<br \/>\n<br \/>Ula\u015f\u0131m Dairesi Ba\u015fkan\u0131 H\u00fcseyin \u00dcst\u00fcn, Manisa\u2019da ula\u015f\u0131m hizmetlerinin daha g\u00fcvenli, d\u00fczenli ve s\u00fcrd\u00fcr\u00fclebilir bir yap\u0131ya kavu\u015fmas\u0131 i\u00e7in t\u00fcm payda\u015flarla i\u015f birli\u011fi i\u00e7erisinde \u00e7al\u0131\u015ft\u0131klar\u0131n\u0131 belirtti. \u0130\u015f\u00e7i ve \u00f6\u011frenci ta\u015f\u0131mac\u0131l\u0131\u011f\u0131n\u0131n g\u00fcnl\u00fck ya\u015fam\u0131n ayr\u0131lmaz bir par\u00e7as\u0131 oldu\u011funa dikkat \u00e7eken \u00dcst\u00fcn, \u00f6zellikle \u00f6\u011frenci ve \u00e7al\u0131\u015fanlar\u0131n g\u00fcvenli \u015fekilde ula\u015f\u0131m\u0131n\u0131n sa\u011flanmas\u0131n\u0131n b\u00fcy\u00fck \u00f6nem ta\u015f\u0131d\u0131\u011f\u0131n\u0131 ifade ederek, &#8220;\u0130\u015f\u00e7i ve \u00f6\u011frenci ta\u015f\u0131mac\u0131l\u0131\u011f\u0131 alan\u0131nda kar\u015f\u0131la\u015f\u0131lan g\u00fczerg\u00e2h d\u00fczenlemeleri, trafik g\u00fcvenli\u011fi, duraklama ve park alanlar\u0131, denetim s\u00fcre\u00e7leri ile sahadaki uygulamalara ili\u015fkin konular\u0131 titizlikle ele al\u0131yoruz. Servis ta\u015f\u0131mac\u0131l\u0131\u011f\u0131yla ilgili ya\u015fanan her t\u00fcrl\u00fc sorunu, Jandarma, Emniyet ve ilgili meslek odalar\u0131m\u0131zla birlikte de\u011ferlendiriyoruz. Amac\u0131m\u0131z; hem servis \u015fof\u00f6rlerimizin \u00e7al\u0131\u015fma \u015fartlar\u0131n\u0131 iyile\u015ftirmek hem de vatanda\u015flar\u0131m\u0131z\u0131n daha g\u00fcvenli, konforlu ve d\u00fczenli bir ula\u015f\u0131m hizmeti almas\u0131n\u0131 sa\u011flamak. Bu do\u011frultuda, tespit edilen sorunlar\u0131n \u00e7\u00f6z\u00fcm\u00fc i\u00e7in gerekli \u00e7al\u0131\u015fmalar\u0131 kararl\u0131l\u0131kla s\u00fcrd\u00fcrece\u011fiz&#8221; dedi.<br \/><\/p>\n","protected":false},"excerpt":{"rendered":"<p>Manisa kent genelinde \u00f6\u011frenci ve personel ta\u015f\u0131mac\u0131\u011f\u0131l\u0131 yapan servis s\u00fcr\u00fcc\u00fcleriyle bir araya gelen Manisa B\u00fcy\u00fck\u015fehir Belediyesi, ula\u015f\u0131m\u0131n daha konforlu ve g\u00fcvenli hale getirilmesi fikir al\u0131\u015fveri\u015finde bulundu. Manisa B\u00fcy\u00fck\u015fehir Belediyesi, kent genelinde personel ve \u00f6\u011frenci ta\u015f\u0131mac\u0131l\u0131\u011f\u0131 yapan servis \u015fof\u00f6rleriyle bir araya gelerek sahadaki talepleri ve \u00e7\u00f6z\u00fcm \u00f6nerilerini masaya yat\u0131rd\u0131. Ula\u015f\u0131m Dairesi Ba\u015fkan\u0131 H\u00fcseyin \u00dcst\u00fcn ba\u015fkanl\u0131\u011f\u0131nda ger\u00e7ekle\u015ftirilen&#8230;<\/p>\n","protected":false},"author":1,"featured_media":84362,"comment_status":"open","ping_status":"open","sticky":false,"template":"","format":"standard","meta":{"_crdt_document":"","footnotes":""},"categories":[1],"tags":[],"class_list":["post-84361","post","type-post","status-publish","format-standard","has-post-thumbnail","hentry","category-guncel"],"_links":{"self":[{"href":"https:\/\/www.egemtv.com\/index.php?rest_route=\/wp\/v2\/posts\/84361","targetHints":{"allow":["GET"]}}],"collection":[{"href":"https:\/\/www.egemtv.com\/index.php?rest_route=\/wp\/v2\/posts"}],"about":[{"href":"https:\/\/www.egemtv.com\/index.php?rest_route=\/wp\/v2\/types\/post"}],"author":[{"embeddable":true,"href":"https:\/\/www.egemtv.com\/index.php?rest_route=\/wp\/v2\/users\/1"}],"replies":[{"embeddable":true,"href":"https:\/\/www.egemtv.com\/index.php?rest_route=%2Fwp%2Fv2%2Fcomments&post=84361"}],"version-history":[{"count":1,"href":"https:\/\/www.egemtv.com\/index.php?rest_route=\/wp\/v2\/posts\/84361\/revisions"}],"predecessor-version":[{"id":84363,"href":"https:\/\/www.egemtv.com\/index.php?rest_route=\/wp\/v2\/posts\/84361\/revisions\/84363"}],"wp:featuredmedia":[{"embeddable":true,"href":"https:\/\/www.egemtv.com\/index.php?rest_route=\/wp\/v2\/media\/84362"}],"wp:attachment":[{"href":"https:\/\/www.egemtv.com\/index.php?rest_route=%2Fwp%2Fv2%2Fmedia&parent=84361"}],"wp:term":[{"taxonomy":"category","embeddable":true,"href":"https:\/\/www.egemtv.com\/index.php?rest_route=%2Fwp%2Fv2%2Fcategories&post=84361"},{"taxonomy":"post_tag","embeddable":true,"href":"https:\/\/www.egemtv.com\/index.php?rest_route=%2Fwp%2Fv2%2Ftags&post=84361"}],"curies":[{"name":"wp","href":"https:\/\/api.w.org\/{rel}","templated":true}]}}