{"id":84358,"date":"2026-01-31T17:34:33","date_gmt":"2026-01-31T14:34:33","guid":{"rendered":"https:\/\/www.egemtv.com\/?p=84358"},"modified":"2026-01-31T17:34:35","modified_gmt":"2026-01-31T14:34:35","slug":"meteorolojiden-aydin-icin-firtina-uyarisi","status":"publish","type":"post","link":"https:\/\/www.egemtv.com\/?p=84358","title":{"rendered":"Meteoroloji\u2019den Ayd\u0131n i\u00e7in f\u0131rt\u0131na uyar\u0131s\u0131"},"content":{"rendered":"<p>Meteoroloji Genel M\u00fcd\u00fcrl\u00fc\u011f\u00fc, Ayd\u0131n genelinde kuvvetli r\u00fczgar ve f\u0131rt\u0131na beklendi\u011fini duyurarak vatanda\u015flar\u0131 dikkatli ve tedbirli olmalar\u0131 konusunda uyard\u0131.<\/p>\n<p>Meteoroloji 2. B\u00f6lge M\u00fcd\u00fcrl\u00fc\u011f\u00fc \u0130zmir B\u00f6lge Tahmin ve Erken Uyar\u0131 Merkezi taraf\u0131ndan yap\u0131lan son de\u011ferlendirmelere g\u00f6re, 1 \u015eubat 2026 Pazar g\u00fcn\u00fc \u00f6\u011fle saatlerinden itibaren Ayd\u0131n il genelinde g\u00fcney y\u00f6nlerden kuvvetli r\u00fczgar ve f\u0131rt\u0131na etkili olacak. R\u00fczgar h\u0131z\u0131n\u0131n 50 ila 70 kilometre\/saat aras\u0131nda olmas\u0131 bekleniyor. Yetkililer, f\u0131rt\u0131na nedeniyle ula\u015f\u0131mda aksamalar, \u00e7at\u0131 u\u00e7malar\u0131, a\u011fa\u00e7 ve direk devrilmeleri, yerel hortum olu\u015fumu ile soba ve do\u011falgaz kaynakl\u0131 zehirlenmeler gibi olumsuzluklara kar\u015f\u0131 vatanda\u015flar\u0131n dikkatli olmas\u0131 gerekti\u011fini belirtti.<\/p>\n<p>Uyar\u0131n\u0131n 1 \u015eubat Pazar g\u00fcn\u00fc saat 12.00\u2019den 23.55\u2019e kadar ge\u00e7erli olaca\u011f\u0131 ifade edilirken, \u00f6zellikle Ku\u015fadas\u0131, Didim, S\u00f6ke, Efeler, Nazilli, Germencik, \u0130ncirliova, Bozdo\u011fan, K\u00f6\u015fk ve Karacasu ba\u015fta olmak \u00fczere il genelinde etkili olmas\u0131n\u0131n beklendi\u011fi bildirildi.<\/p>\n<p>Meteoroloji yetkilileri, meydana gelebilecek olumsuzluklara kar\u015f\u0131 \u00e7at\u0131 altlar\u0131nda bulunulmamas\u0131, soba ve bacalar\u0131n kontrol edilmesi, ula\u015f\u0131mda dikkatli olunmas\u0131 \u00e7a\u011fr\u0131s\u0131nda bulundu.<br \/><\/p>\n","protected":false},"excerpt":{"rendered":"<p>Meteoroloji Genel M\u00fcd\u00fcrl\u00fc\u011f\u00fc, Ayd\u0131n genelinde kuvvetli r\u00fczgar ve f\u0131rt\u0131na beklendi\u011fini duyurarak vatanda\u015flar\u0131 dikkatli ve tedbirli olmalar\u0131 konusunda uyard\u0131. Meteoroloji 2. B\u00f6lge M\u00fcd\u00fcrl\u00fc\u011f\u00fc \u0130zmir B\u00f6lge Tahmin ve Erken Uyar\u0131 Merkezi taraf\u0131ndan yap\u0131lan son de\u011ferlendirmelere g\u00f6re, 1 \u015eubat 2026 Pazar g\u00fcn\u00fc \u00f6\u011fle saatlerinden itibaren Ayd\u0131n il genelinde g\u00fcney y\u00f6nlerden kuvvetli r\u00fczgar ve f\u0131rt\u0131na etkili olacak. R\u00fczgar h\u0131z\u0131n\u0131n&#8230;<\/p>\n","protected":false},"author":1,"featured_media":84359,"comment_status":"open","ping_status":"open","sticky":false,"template":"","format":"standard","meta":{"_crdt_document":"","footnotes":""},"categories":[1],"tags":[],"class_list":["post-84358","post","type-post","status-publish","format-standard","has-post-thumbnail","hentry","category-guncel"],"_links":{"self":[{"href":"https:\/\/www.egemtv.com\/index.php?rest_route=\/wp\/v2\/posts\/84358","targetHints":{"allow":["GET"]}}],"collection":[{"href":"https:\/\/www.egemtv.com\/index.php?rest_route=\/wp\/v2\/posts"}],"about":[{"href":"https:\/\/www.egemtv.com\/index.php?rest_route=\/wp\/v2\/types\/post"}],"author":[{"embeddable":true,"href":"https:\/\/www.egemtv.com\/index.php?rest_route=\/wp\/v2\/users\/1"}],"replies":[{"embeddable":true,"href":"https:\/\/www.egemtv.com\/index.php?rest_route=%2Fwp%2Fv2%2Fcomments&post=84358"}],"version-history":[{"count":1,"href":"https:\/\/www.egemtv.com\/index.php?rest_route=\/wp\/v2\/posts\/84358\/revisions"}],"predecessor-version":[{"id":84360,"href":"https:\/\/www.egemtv.com\/index.php?rest_route=\/wp\/v2\/posts\/84358\/revisions\/84360"}],"wp:featuredmedia":[{"embeddable":true,"href":"https:\/\/www.egemtv.com\/index.php?rest_route=\/wp\/v2\/media\/84359"}],"wp:attachment":[{"href":"https:\/\/www.egemtv.com\/index.php?rest_route=%2Fwp%2Fv2%2Fmedia&parent=84358"}],"wp:term":[{"taxonomy":"category","embeddable":true,"href":"https:\/\/www.egemtv.com\/index.php?rest_route=%2Fwp%2Fv2%2Fcategories&post=84358"},{"taxonomy":"post_tag","embeddable":true,"href":"https:\/\/www.egemtv.com\/index.php?rest_route=%2Fwp%2Fv2%2Ftags&post=84358"}],"curies":[{"name":"wp","href":"https:\/\/api.w.org\/{rel}","templated":true}]}}