{"id":84355,"date":"2026-01-31T17:14:40","date_gmt":"2026-01-31T14:14:40","guid":{"rendered":"https:\/\/www.egemtv.com\/?p=84355"},"modified":"2026-01-31T17:14:41","modified_gmt":"2026-01-31T14:14:41","slug":"cavdarhisarda-ilce-av-komisyonu-toplantisi-yapildi","status":"publish","type":"post","link":"https:\/\/www.egemtv.com\/?p=84355","title":{"rendered":"\u00c7avdarhisar\u2019da il\u00e7e Av Komisyonu toplant\u0131s\u0131 yap\u0131ld\u0131"},"content":{"rendered":"<p>K\u00fctahya\u2019n\u0131n \u00c7avdarhisar il\u00e7esinde 2026-2027 av d\u00f6nemi il\u00e7e \u2019Av Komisyonu\u2019 toplant\u0131s\u0131 ger\u00e7ekle\u015ftirildi.<br \/>\n<br \/>Kaymakam Murat Ak ba\u015fkanl\u0131\u011f\u0131nda d\u00fczenlenen toplant\u0131ya ilgili daire amirleri kat\u0131l\u0131m sa\u011flad\u0131. Toplant\u0131da, il\u00e7e s\u0131n\u0131rlar\u0131 i\u00e7erisinde av hayvanlar\u0131n\u0131n korunmas\u0131na y\u00f6nelik al\u0131nacak tedbirler, ava kapat\u0131lan avlak alanlar\u0131 ile yaban hayat\u0131 yerle\u015ftirme sahalar\u0131 ele al\u0131nd\u0131.<br \/>\n<br \/>Ayr\u0131ca avc\u0131lar\u0131n uymas\u0131 gereken kurallar, s\u00fcrd\u00fcr\u00fclebilir avc\u0131l\u0131k uygulamalar\u0131 ve usuls\u00fcz avlanmaya kar\u015f\u0131 uygulanacak idari ve cezai yapt\u0131r\u0131mlar konusunda kararlar al\u0131nd\u0131. Toplant\u0131n\u0131n, yaban hayat\u0131n\u0131n korunmas\u0131 ve avc\u0131l\u0131k faaliyetlerinin mevzuata uygun \u015fekilde y\u00fcr\u00fct\u00fclmesine katk\u0131 sa\u011flamas\u0131 hedefleniyor.<br \/><\/p>\n","protected":false},"excerpt":{"rendered":"<p>K\u00fctahya\u2019n\u0131n \u00c7avdarhisar il\u00e7esinde 2026-2027 av d\u00f6nemi il\u00e7e \u2019Av Komisyonu\u2019 toplant\u0131s\u0131 ger\u00e7ekle\u015ftirildi. Kaymakam Murat Ak ba\u015fkanl\u0131\u011f\u0131nda d\u00fczenlenen toplant\u0131ya ilgili daire amirleri kat\u0131l\u0131m sa\u011flad\u0131. Toplant\u0131da, il\u00e7e s\u0131n\u0131rlar\u0131 i\u00e7erisinde av hayvanlar\u0131n\u0131n korunmas\u0131na y\u00f6nelik al\u0131nacak tedbirler, ava kapat\u0131lan avlak alanlar\u0131 ile yaban hayat\u0131 yerle\u015ftirme sahalar\u0131 ele al\u0131nd\u0131. Ayr\u0131ca avc\u0131lar\u0131n uymas\u0131 gereken kurallar, s\u00fcrd\u00fcr\u00fclebilir avc\u0131l\u0131k uygulamalar\u0131 ve usuls\u00fcz avlanmaya kar\u015f\u0131&#8230;<\/p>\n","protected":false},"author":1,"featured_media":84356,"comment_status":"open","ping_status":"open","sticky":false,"template":"","format":"standard","meta":{"_crdt_document":"","footnotes":""},"categories":[1],"tags":[],"class_list":["post-84355","post","type-post","status-publish","format-standard","has-post-thumbnail","hentry","category-guncel"],"_links":{"self":[{"href":"https:\/\/www.egemtv.com\/index.php?rest_route=\/wp\/v2\/posts\/84355","targetHints":{"allow":["GET"]}}],"collection":[{"href":"https:\/\/www.egemtv.com\/index.php?rest_route=\/wp\/v2\/posts"}],"about":[{"href":"https:\/\/www.egemtv.com\/index.php?rest_route=\/wp\/v2\/types\/post"}],"author":[{"embeddable":true,"href":"https:\/\/www.egemtv.com\/index.php?rest_route=\/wp\/v2\/users\/1"}],"replies":[{"embeddable":true,"href":"https:\/\/www.egemtv.com\/index.php?rest_route=%2Fwp%2Fv2%2Fcomments&post=84355"}],"version-history":[{"count":1,"href":"https:\/\/www.egemtv.com\/index.php?rest_route=\/wp\/v2\/posts\/84355\/revisions"}],"predecessor-version":[{"id":84357,"href":"https:\/\/www.egemtv.com\/index.php?rest_route=\/wp\/v2\/posts\/84355\/revisions\/84357"}],"wp:featuredmedia":[{"embeddable":true,"href":"https:\/\/www.egemtv.com\/index.php?rest_route=\/wp\/v2\/media\/84356"}],"wp:attachment":[{"href":"https:\/\/www.egemtv.com\/index.php?rest_route=%2Fwp%2Fv2%2Fmedia&parent=84355"}],"wp:term":[{"taxonomy":"category","embeddable":true,"href":"https:\/\/www.egemtv.com\/index.php?rest_route=%2Fwp%2Fv2%2Fcategories&post=84355"},{"taxonomy":"post_tag","embeddable":true,"href":"https:\/\/www.egemtv.com\/index.php?rest_route=%2Fwp%2Fv2%2Ftags&post=84355"}],"curies":[{"name":"wp","href":"https:\/\/api.w.org\/{rel}","templated":true}]}}