{"id":84352,"date":"2026-01-31T17:14:39","date_gmt":"2026-01-31T14:14:39","guid":{"rendered":"https:\/\/www.egemtv.com\/?p=84352"},"modified":"2026-01-31T17:14:40","modified_gmt":"2026-01-31T14:14:40","slug":"emette-okul-personeline-ozel-hijyen-egitimi-verildi","status":"publish","type":"post","link":"https:\/\/www.egemtv.com\/?p=84352","title":{"rendered":"Emet\u2019te okul personeline \u00f6zel hijyen e\u011fitimi verildi"},"content":{"rendered":"<p>Emet \u0130l\u00e7e Tar\u0131m ve Orman M\u00fcd\u00fcrl\u00fc\u011f\u00fc g\u0131da kontrol g\u00f6revlileri taraf\u0131ndan, il\u00e7e Milli E\u011fitim M\u00fcd\u00fcrl\u00fc\u011f\u00fcne ba\u011fl\u0131 okullarda g\u00f6rev yapan personele y\u00f6nelik hijyen e\u011fitimi  verildi.<br \/>\n<br \/>E\u011fitim program\u0131nda; g\u0131da g\u00fcvenli\u011fi, ki\u015fisel hijyen kurallar\u0131, temizlik ve sanitasyon uygulamalar\u0131 ile toplum sa\u011fl\u0131\u011f\u0131n\u0131n korunmas\u0131na y\u00f6nelik temel konular ele al\u0131nd\u0131. Kat\u0131l\u0131mc\u0131lara, \u00f6zellikle okul ortamlar\u0131nda hijyenin \u00f6nemi ve sa\u011fl\u0131kl\u0131 g\u0131da t\u00fcketiminin sa\u011flanmas\u0131na ili\u015fkin bilgilendirme yap\u0131ld\u0131.<br \/>\n<br \/>Yetkililer, bu t\u00fcr e\u011fitimlerin toplum sa\u011fl\u0131\u011f\u0131n\u0131n korunmas\u0131 a\u00e7\u0131s\u0131ndan b\u00fcy\u00fck \u00f6nem ta\u015f\u0131d\u0131\u011f\u0131n\u0131 belirterek, benzer \u00e7al\u0131\u015fmalar\u0131n devam edece\u011fini ifade etti.<br \/><\/p>\n","protected":false},"excerpt":{"rendered":"<p>Emet \u0130l\u00e7e Tar\u0131m ve Orman M\u00fcd\u00fcrl\u00fc\u011f\u00fc g\u0131da kontrol g\u00f6revlileri taraf\u0131ndan, il\u00e7e Milli E\u011fitim M\u00fcd\u00fcrl\u00fc\u011f\u00fcne ba\u011fl\u0131 okullarda g\u00f6rev yapan personele y\u00f6nelik hijyen e\u011fitimi verildi. E\u011fitim program\u0131nda; g\u0131da g\u00fcvenli\u011fi, ki\u015fisel hijyen kurallar\u0131, temizlik ve sanitasyon uygulamalar\u0131 ile toplum sa\u011fl\u0131\u011f\u0131n\u0131n korunmas\u0131na y\u00f6nelik temel konular ele al\u0131nd\u0131. Kat\u0131l\u0131mc\u0131lara, \u00f6zellikle okul ortamlar\u0131nda hijyenin \u00f6nemi ve sa\u011fl\u0131kl\u0131 g\u0131da t\u00fcketiminin sa\u011flanmas\u0131na ili\u015fkin&#8230;<\/p>\n","protected":false},"author":1,"featured_media":84353,"comment_status":"open","ping_status":"open","sticky":false,"template":"","format":"standard","meta":{"_crdt_document":"","footnotes":""},"categories":[1],"tags":[],"class_list":["post-84352","post","type-post","status-publish","format-standard","has-post-thumbnail","hentry","category-guncel"],"_links":{"self":[{"href":"https:\/\/www.egemtv.com\/index.php?rest_route=\/wp\/v2\/posts\/84352","targetHints":{"allow":["GET"]}}],"collection":[{"href":"https:\/\/www.egemtv.com\/index.php?rest_route=\/wp\/v2\/posts"}],"about":[{"href":"https:\/\/www.egemtv.com\/index.php?rest_route=\/wp\/v2\/types\/post"}],"author":[{"embeddable":true,"href":"https:\/\/www.egemtv.com\/index.php?rest_route=\/wp\/v2\/users\/1"}],"replies":[{"embeddable":true,"href":"https:\/\/www.egemtv.com\/index.php?rest_route=%2Fwp%2Fv2%2Fcomments&post=84352"}],"version-history":[{"count":1,"href":"https:\/\/www.egemtv.com\/index.php?rest_route=\/wp\/v2\/posts\/84352\/revisions"}],"predecessor-version":[{"id":84354,"href":"https:\/\/www.egemtv.com\/index.php?rest_route=\/wp\/v2\/posts\/84352\/revisions\/84354"}],"wp:featuredmedia":[{"embeddable":true,"href":"https:\/\/www.egemtv.com\/index.php?rest_route=\/wp\/v2\/media\/84353"}],"wp:attachment":[{"href":"https:\/\/www.egemtv.com\/index.php?rest_route=%2Fwp%2Fv2%2Fmedia&parent=84352"}],"wp:term":[{"taxonomy":"category","embeddable":true,"href":"https:\/\/www.egemtv.com\/index.php?rest_route=%2Fwp%2Fv2%2Fcategories&post=84352"},{"taxonomy":"post_tag","embeddable":true,"href":"https:\/\/www.egemtv.com\/index.php?rest_route=%2Fwp%2Fv2%2Ftags&post=84352"}],"curies":[{"name":"wp","href":"https:\/\/api.w.org\/{rel}","templated":true}]}}