{"id":84349,"date":"2026-01-31T17:14:38","date_gmt":"2026-01-31T14:14:38","guid":{"rendered":"https:\/\/www.egemtv.com\/?p=84349"},"modified":"2026-01-31T17:14:39","modified_gmt":"2026-01-31T14:14:39","slug":"dikkatsizlik-kazayi-beraberinde-getirdi-2-yarali","status":"publish","type":"post","link":"https:\/\/www.egemtv.com\/?p=84349","title":{"rendered":"Dikkatsizlik kazay\u0131 beraberinde getirdi: 2 yaral\u0131"},"content":{"rendered":"<p>Manisa\u2019n\u0131n Kula il\u00e7esinde U d\u00f6n\u00fc\u015f\u00fc yapmak isteyen otomobil ile cadde \u00fczerinde seyir halindeki bir ba\u015fka otomobil \u00e7arp\u0131\u015ft\u0131. \u00c7arp\u0131\u015fman\u0131n etkisiyle 2 otomobilin s\u00fcr\u00fcc\u00fcs\u00fc de yaralan\u0131rken kaza an\u0131 g\u00fcvenlik kameralar\u0131na yans\u0131d\u0131.<br \/>\n<br \/>Kaza saat, 15.00 s\u0131ralar\u0131nda 4 Eyl\u00fcl Mahallesi Mehmet Akif Ersoy Caddesi \u00fczerinde meydana geldi. Edinilen bilgilere g\u00f6re Adil E. idaresindeki 45 RY 288 plakal\u0131 otomobil U d\u00f6n\u00fc\u015f\u00fc yapt\u0131\u011f\u0131 esnada, cadde \u00fczerinde seyir halinde olan Yi\u011fit G. idaresindeki 45 ACG 202 plakal\u0131 otomobil ile \u00e7arp\u0131\u015ft\u0131. \u00c7arp\u0131\u015fman\u0131n ard\u0131ndan 45 ACG 202 plakal\u0131 otomobil yol kenar\u0131nda park halinde duran otomobile \u00e7arparak durabildi. Kazay\u0131 g\u00f6ren vatanda\u015flar\u0131n 112 Acil \u00c7a\u011fr\u0131 Merkezi\u2019ne bildirmesi \u00fczerine olay yerine itfaiye, ambulans ve polis ekipleri sevk edildi. \u00c7arp\u0131\u015fman\u0131n etkisiyle her iki otomobilin s\u00fcr\u00fcc\u00fcs\u00fc yaralan\u0131rken, olay yerinde yap\u0131lan ilk m\u00fcdahalelerinin ard\u0131ndan yaral\u0131lar Kula Devlet Hastanesi\u2019ne kald\u0131r\u0131ld\u0131. \u00d6te yandan kaza an\u0131, b\u00f6lgede bulunan bir i\u015fletme ve siteye ait g\u00fcvenlik kameras\u0131 g\u00f6r\u00fcnt\u00fclerine yans\u0131d\u0131.<br \/>\n<br \/>Kazayla ilgili soru\u015fturma ba\u015flat\u0131ld\u0131.<br \/><\/p>\n","protected":false},"excerpt":{"rendered":"<p>Manisa\u2019n\u0131n Kula il\u00e7esinde U d\u00f6n\u00fc\u015f\u00fc yapmak isteyen otomobil ile cadde \u00fczerinde seyir halindeki bir ba\u015fka otomobil \u00e7arp\u0131\u015ft\u0131. \u00c7arp\u0131\u015fman\u0131n etkisiyle 2 otomobilin s\u00fcr\u00fcc\u00fcs\u00fc de yaralan\u0131rken kaza an\u0131 g\u00fcvenlik kameralar\u0131na yans\u0131d\u0131. Kaza saat, 15.00 s\u0131ralar\u0131nda 4 Eyl\u00fcl Mahallesi Mehmet Akif Ersoy Caddesi \u00fczerinde meydana geldi. Edinilen bilgilere g\u00f6re Adil E. idaresindeki 45 RY 288 plakal\u0131 otomobil U&#8230;<\/p>\n","protected":false},"author":1,"featured_media":84350,"comment_status":"open","ping_status":"open","sticky":false,"template":"","format":"standard","meta":{"_crdt_document":"","footnotes":""},"categories":[5],"tags":[],"class_list":["post-84349","post","type-post","status-publish","format-standard","has-post-thumbnail","hentry","category-asayis"],"_links":{"self":[{"href":"https:\/\/www.egemtv.com\/index.php?rest_route=\/wp\/v2\/posts\/84349","targetHints":{"allow":["GET"]}}],"collection":[{"href":"https:\/\/www.egemtv.com\/index.php?rest_route=\/wp\/v2\/posts"}],"about":[{"href":"https:\/\/www.egemtv.com\/index.php?rest_route=\/wp\/v2\/types\/post"}],"author":[{"embeddable":true,"href":"https:\/\/www.egemtv.com\/index.php?rest_route=\/wp\/v2\/users\/1"}],"replies":[{"embeddable":true,"href":"https:\/\/www.egemtv.com\/index.php?rest_route=%2Fwp%2Fv2%2Fcomments&post=84349"}],"version-history":[{"count":1,"href":"https:\/\/www.egemtv.com\/index.php?rest_route=\/wp\/v2\/posts\/84349\/revisions"}],"predecessor-version":[{"id":84351,"href":"https:\/\/www.egemtv.com\/index.php?rest_route=\/wp\/v2\/posts\/84349\/revisions\/84351"}],"wp:featuredmedia":[{"embeddable":true,"href":"https:\/\/www.egemtv.com\/index.php?rest_route=\/wp\/v2\/media\/84350"}],"wp:attachment":[{"href":"https:\/\/www.egemtv.com\/index.php?rest_route=%2Fwp%2Fv2%2Fmedia&parent=84349"}],"wp:term":[{"taxonomy":"category","embeddable":true,"href":"https:\/\/www.egemtv.com\/index.php?rest_route=%2Fwp%2Fv2%2Fcategories&post=84349"},{"taxonomy":"post_tag","embeddable":true,"href":"https:\/\/www.egemtv.com\/index.php?rest_route=%2Fwp%2Fv2%2Ftags&post=84349"}],"curies":[{"name":"wp","href":"https:\/\/api.w.org\/{rel}","templated":true}]}}