{"id":84346,"date":"2026-01-31T16:54:46","date_gmt":"2026-01-31T13:54:46","guid":{"rendered":"https:\/\/www.egemtv.com\/?p=84346"},"modified":"2026-01-31T16:54:47","modified_gmt":"2026-01-31T13:54:47","slug":"izmirde-1001-hatim-duasi-yapildi","status":"publish","type":"post","link":"https:\/\/www.egemtv.com\/?p=84346","title":{"rendered":"\u0130zmir\u2019de \u20191001 Hatim\u2019 duas\u0131 yap\u0131ld\u0131"},"content":{"rendered":"<p>\u0130zmir\u2019de yakla\u015f\u0131k 500 y\u0131ld\u0131r s\u00fcrd\u00fcr\u00fclen &#8220;1001 Hatim&#8221; gelene\u011fi kapsam\u0131nda okunan 10 bin 554 hatmi \u015ferifin duas\u0131 i\u00e7in \u0130zzet Eri\u015fen Camii\u2019de program d\u00fczenlendi.<br \/>\n<br \/>Erzurum\u2019da \u0130slam \u00e2limi Pir Ali Baba taraf\u0131ndan 1500\u2019l\u00fc y\u0131llarda ba\u015flat\u0131lan ve as\u0131rlard\u0131r s\u00fcrd\u00fcr\u00fclen &#8220;1001 Hatim&#8221; gelene\u011fi, bu y\u0131l ilk kez \u0130zmir\u2019de de ger\u00e7ekle\u015ftirildi. Yakla\u015f\u0131k 500 y\u0131ll\u0131k ge\u00e7mi\u015fe sahip olan bu k\u00f6kl\u00fc gelenek kapsam\u0131nda okunan hatm-i \u015feriflerin duas\u0131, \u00f6\u011fle namaz\u0131 \u00f6ncesinde yap\u0131ld\u0131.<br \/>\n<br \/>Bir ay\u0131 a\u015fk\u0131n s\u00fcredir devam eden hatimlerin tamamlanmas\u0131n\u0131n ard\u0131ndan, son dua i\u00e7in \u0130zzet Eri\u015fen Camii\u2019nde \u00f6zel bir program d\u00fczenlendi. Gen\u00e7ten ya\u015fl\u0131ya \u00e7ok say\u0131da vatanda\u015f\u0131n kat\u0131ld\u0131\u011f\u0131 programda, Bayrakl\u0131 M\u00fcft\u00fcl\u00fc\u011f\u00fc Musiki Korosu ilahiler seslendirdi; ard\u0131ndan bir\u00e7ok de\u011ferli imam hatip taraf\u0131ndan Kur\u2019an-\u0131 Kerim tilaveti ger\u00e7ekle\u015ftirildi. Bayrakl\u0131 \u0130l\u00e7e M\u00fcft\u00fcs\u00fc Mehmet Ali Ku\u015fta\u015f da &#8220;1001 Hatim&#8221; gelene\u011fi kapsam\u0131nda 10 bin 554 hatmi \u015ferif okundu\u011funu ifade etti.<br \/>\n<br \/>\u00d6te yandan programa Diyanet \u0130\u015fler Ba\u015fkan Yard\u0131mc\u0131s\u0131 Dr. Haf\u0131z Osman \u015eahin de kat\u0131l\u0131m g\u00f6sterdi.<\/p>\n<p>Mehmet Ali Ku\u015fta\u015f: &#8220;10 bin 554 adet hatmi \u015ferif okundu&#8221;<br \/>\n<br \/>Yap\u0131lan bu programdan dolay\u0131 \u00e7ok mutlu olduklar\u0131n\u0131 ifade eden Bayrakl\u0131 \u0130l\u00e7e M\u00fcft\u00fcs\u00fc Mehmet Ali Ku\u015fta\u015f, &#8220;As\u0131rlar evvel Erzurum\u2019da Pir Ali Baba Hazretleri\u2019nin manevi bir z\u0131rh olarak ba\u015flatt\u0131\u011f\u0131 1001 hatim gelene\u011fini \u0130zmir\u2019imizde hassaten Bayrakl\u0131\u2019m\u0131zda ihya etmenin, ya\u015fatman\u0131n, ba\u015flatman\u0131n mutlulu\u011fu i\u00e7erisindeyiz.<br \/>\n<br \/>Bayrakl\u0131\u2019m\u0131zda geleneksel hale getirmeye gayret etti\u011fimiz ge\u00e7mi\u015fi gelece\u011fe ta\u015f\u0131man\u0131n 1001 hatim ve daha fazlas\u0131n\u0131 okuman\u0131n, Allah\u2019\u0131n kelam\u0131n\u0131 hatmetmenin hakl\u0131 mutlulu\u011fu i\u00e7erisindeyiz. Kur\u2019an-\u0131 Kerim Rabbimizin bizlere en b\u00fcy\u00fck ikram\u0131, kainat\u0131n kalbi ve insanl\u0131\u011f\u0131n yegane rehberidir.<br \/>\n<br \/>Rabbimiz \u015f\u00f6yle buyurur: \u2018Biz Kur\u2019an\u2019dan \u00f6yle bir \u015fey indiriyoruz ki o m\u00fcminler i\u00e7in bir \u015fifa ve bir rahmettir. Aziz karde\u015flerim, Ecdad\u0131m\u0131z bu gelene\u011fi ba\u015flat\u0131rken Kur\u2019an-\u0131 Kerim\u2019in toplumlar\u0131 bela ve musibetlerden koruyan manevi bir z\u0131rh oldu\u011funa inanm\u0131\u015flard\u0131r.\u2019<br \/>\n<br \/>Bizler de bug\u00fcn ayn\u0131 niyet ayn\u0131 niyetle okunan her harfin, her hatmin il\u00e7emizi ve aziz vatan\u0131m\u0131z\u0131 her t\u00fcrl\u00fc afet ve musibetten muhafaza edilmesi gayesiyle yola \u00e7\u0131km\u0131\u015f bulunmaktay\u0131z. Memnuniyetle ifade etmem gerekir ki, Bayrakl\u0131\u2019da t\u00fcm vatanda\u015flar\u0131m\u0131z bu programa bekledi\u011fimizin, d\u00fc\u015f\u00fcnd\u00fc\u011f\u00fcm\u00fcz\u00fcn \u00e7ok \u00f6tesinde ra\u011fbet etmi\u015flerdir&#8221; dedi.<\/p>\n<p>&#8220;Tam 10 bin 554 adet hatmi \u015ferif indirilmi\u015ftir&#8221;<br \/>\n<br \/>Bu yola 1001 hatmi \u015ferif hedefi ile \u00e7\u0131kt\u0131klar\u0131n\u0131 vurgulayan Ku\u015fta\u015f, &#8220;Ancak Bayrakl\u0131 halk\u0131n\u0131n Kur\u2019an sevdas\u0131 bu m\u00fcbarek say\u0131y\u0131 kat be kat art\u0131rm\u0131\u015f, hamdolsun bug\u00fcn itibariyle tam 10 bin 554 adet hatmi \u015ferif indirilmi\u015ftir.<br \/>\n<br \/>Bu muazzam rakam bayra\u011f\u0131m\u0131z\u0131n Kur\u2019an\u2019a olan sadakatinin ve manevi susuzlu\u011funun en g\u00fczel tezah\u00fcr\u00fcd\u00fcr. Din g\u00f6revlilerimiz ve cemaatimiz bu hatimleri sadece camilerimizde de\u011fil, kendi evlerinde ve ailece de okuyarak hanelerini birer nur oca\u011f\u0131na \u00e7evirmi\u015flerdir.<br \/>\n<br \/>1001 hatim gelene\u011fi ve bug\u00fcn ula\u015ft\u0131\u011f\u0131m\u0131z bu 10 bin 554 say\u0131s\u0131 bir toplum Kur\u2019an etraf\u0131nda kenetlenince nas\u0131l sars\u0131lmaz bir kale olu\u015fturdu\u011funun en somut ni\u015fanesidir&#8221; diyerek s\u00f6zlerini noktalad\u0131.<br \/><\/p>\n","protected":false},"excerpt":{"rendered":"<p>\u0130zmir\u2019de yakla\u015f\u0131k 500 y\u0131ld\u0131r s\u00fcrd\u00fcr\u00fclen &#8220;1001 Hatim&#8221; gelene\u011fi kapsam\u0131nda okunan 10 bin 554 hatmi \u015ferifin duas\u0131 i\u00e7in \u0130zzet Eri\u015fen Camii\u2019de program d\u00fczenlendi. Erzurum\u2019da \u0130slam \u00e2limi Pir Ali Baba taraf\u0131ndan 1500\u2019l\u00fc y\u0131llarda ba\u015flat\u0131lan ve as\u0131rlard\u0131r s\u00fcrd\u00fcr\u00fclen &#8220;1001 Hatim&#8221; gelene\u011fi, bu y\u0131l ilk kez \u0130zmir\u2019de de ger\u00e7ekle\u015ftirildi. Yakla\u015f\u0131k 500 y\u0131ll\u0131k ge\u00e7mi\u015fe sahip olan bu k\u00f6kl\u00fc gelenek kapsam\u0131nda&#8230;<\/p>\n","protected":false},"author":1,"featured_media":84347,"comment_status":"open","ping_status":"open","sticky":false,"template":"","format":"standard","meta":{"_crdt_document":"","footnotes":""},"categories":[1],"tags":[],"class_list":["post-84346","post","type-post","status-publish","format-standard","has-post-thumbnail","hentry","category-guncel"],"_links":{"self":[{"href":"https:\/\/www.egemtv.com\/index.php?rest_route=\/wp\/v2\/posts\/84346","targetHints":{"allow":["GET"]}}],"collection":[{"href":"https:\/\/www.egemtv.com\/index.php?rest_route=\/wp\/v2\/posts"}],"about":[{"href":"https:\/\/www.egemtv.com\/index.php?rest_route=\/wp\/v2\/types\/post"}],"author":[{"embeddable":true,"href":"https:\/\/www.egemtv.com\/index.php?rest_route=\/wp\/v2\/users\/1"}],"replies":[{"embeddable":true,"href":"https:\/\/www.egemtv.com\/index.php?rest_route=%2Fwp%2Fv2%2Fcomments&post=84346"}],"version-history":[{"count":1,"href":"https:\/\/www.egemtv.com\/index.php?rest_route=\/wp\/v2\/posts\/84346\/revisions"}],"predecessor-version":[{"id":84348,"href":"https:\/\/www.egemtv.com\/index.php?rest_route=\/wp\/v2\/posts\/84346\/revisions\/84348"}],"wp:featuredmedia":[{"embeddable":true,"href":"https:\/\/www.egemtv.com\/index.php?rest_route=\/wp\/v2\/media\/84347"}],"wp:attachment":[{"href":"https:\/\/www.egemtv.com\/index.php?rest_route=%2Fwp%2Fv2%2Fmedia&parent=84346"}],"wp:term":[{"taxonomy":"category","embeddable":true,"href":"https:\/\/www.egemtv.com\/index.php?rest_route=%2Fwp%2Fv2%2Fcategories&post=84346"},{"taxonomy":"post_tag","embeddable":true,"href":"https:\/\/www.egemtv.com\/index.php?rest_route=%2Fwp%2Fv2%2Ftags&post=84346"}],"curies":[{"name":"wp","href":"https:\/\/api.w.org\/{rel}","templated":true}]}}