{"id":84343,"date":"2026-01-31T16:54:45","date_gmt":"2026-01-31T13:54:45","guid":{"rendered":"https:\/\/www.egemtv.com\/?p=84343"},"modified":"2026-01-31T16:54:46","modified_gmt":"2026-01-31T13:54:46","slug":"barajlarda-su-seviyesinin-yukselmeye-baslamasi-ciftcileri-sevindirdi","status":"publish","type":"post","link":"https:\/\/www.egemtv.com\/?p=84343","title":{"rendered":"Barajlarda su seviyesinin y\u00fckselmeye ba\u015flamas\u0131 \u00e7ift\u00e7ileri sevindirdi"},"content":{"rendered":"<p>Manisa\u2019n\u0131n Sar\u0131g\u00f6l il\u00e7esi ve \u00e7evresinde son g\u00fcnlerde etkili olan ya\u011f\u0131\u015flar, dereler arac\u0131l\u0131\u011f\u0131yla baraj ve g\u00f6letlere ula\u015farak su seviyelerinin y\u00fckselmesini sa\u011flad\u0131. Ya\u011f\u0131\u015flar\u0131n ard\u0131ndan barajlarda toplanan su miktar\u0131ndaki art\u0131\u015f, yaz sulamas\u0131 a\u00e7\u0131s\u0131ndan \u00e7ift\u00e7ilerin y\u00fcz\u00fcn\u00fc g\u00fcld\u00fcrd\u00fc.<br \/>\n<br \/>Sar\u0131g\u00f6l Ovas\u0131\u2019n\u0131 yaz aylar\u0131nda sulayan Buldan ve Af\u015far barajlar\u0131nda \u00f6nemli \u00f6l\u00e7\u00fcde su toplanmas\u0131, tar\u0131msal \u00fcretim yapan \u00e7ift\u00e7iler i\u00e7in umut oldu. Sar\u0131g\u00f6l Ovas\u0131\u2019n\u0131n bir b\u00f6l\u00fcm\u00fcn\u00fc sulayan Buldan Baraj\u0131 ile ovan\u0131n b\u00fcy\u00fck k\u0131sm\u0131n\u0131 sulayan Af\u015far Baraj\u0131\u2019ndaki su seviyesindeki art\u0131\u015f, b\u00f6lgede sevin\u00e7le kar\u015f\u0131land\u0131.<br \/>\n<br \/>Af\u015far Baraj\u0131\u2019n\u0131n sa\u011f ana sulama kanal\u0131n\u0131n Sar\u0131g\u00f6l Ovas\u0131\u2019na, sol ana sulama kanal\u0131n\u0131n ise Ala\u015fehir ovalar\u0131na yaz aylar\u0131nda tar\u0131m arazilerine su sa\u011flad\u0131\u011f\u0131 belirtildi.<br \/>\n<br \/>Sar\u0131g\u00f6ll\u00fc \u00e7ift\u00e7i M\u00fccahit Sara\u00e7, bu y\u0131l k\u0131\u015f mevsiminin ya\u011f\u0131\u015fl\u0131 ge\u00e7ti\u011fini belirterek, &#8220;Ya\u011f\u0131\u015flar\u0131n bol olmas\u0131 bizim i\u00e7in \u00e7ok \u00f6nemli. Barajlar\u0131m\u0131z doluyor, bu da yaz aylar\u0131nda su s\u0131k\u0131nt\u0131s\u0131 ya\u015famayaca\u011f\u0131m\u0131z\u0131 g\u00f6steriyor&#8221; dedi.<br \/>\n<br \/>\u00d6te yandan d\u00fcn ba\u015flayan ya\u011f\u0131\u015flarla birlikte Sar\u0131g\u00f6l\u2019\u00fcn bir\u00e7ok kesiminde yer yer dolu ya\u011f\u0131\u015f\u0131 da etkili oldu.<br \/><\/p>\n","protected":false},"excerpt":{"rendered":"<p>Manisa\u2019n\u0131n Sar\u0131g\u00f6l il\u00e7esi ve \u00e7evresinde son g\u00fcnlerde etkili olan ya\u011f\u0131\u015flar, dereler arac\u0131l\u0131\u011f\u0131yla baraj ve g\u00f6letlere ula\u015farak su seviyelerinin y\u00fckselmesini sa\u011flad\u0131. Ya\u011f\u0131\u015flar\u0131n ard\u0131ndan barajlarda toplanan su miktar\u0131ndaki art\u0131\u015f, yaz sulamas\u0131 a\u00e7\u0131s\u0131ndan \u00e7ift\u00e7ilerin y\u00fcz\u00fcn\u00fc g\u00fcld\u00fcrd\u00fc. Sar\u0131g\u00f6l Ovas\u0131\u2019n\u0131 yaz aylar\u0131nda sulayan Buldan ve Af\u015far barajlar\u0131nda \u00f6nemli \u00f6l\u00e7\u00fcde su toplanmas\u0131, tar\u0131msal \u00fcretim yapan \u00e7ift\u00e7iler i\u00e7in umut oldu. Sar\u0131g\u00f6l Ovas\u0131\u2019n\u0131n&#8230;<\/p>\n","protected":false},"author":1,"featured_media":84344,"comment_status":"open","ping_status":"open","sticky":false,"template":"","format":"standard","meta":{"_crdt_document":"","footnotes":""},"categories":[125],"tags":[],"class_list":["post-84343","post","type-post","status-publish","format-standard","has-post-thumbnail","hentry","category-ekonomi"],"_links":{"self":[{"href":"https:\/\/www.egemtv.com\/index.php?rest_route=\/wp\/v2\/posts\/84343","targetHints":{"allow":["GET"]}}],"collection":[{"href":"https:\/\/www.egemtv.com\/index.php?rest_route=\/wp\/v2\/posts"}],"about":[{"href":"https:\/\/www.egemtv.com\/index.php?rest_route=\/wp\/v2\/types\/post"}],"author":[{"embeddable":true,"href":"https:\/\/www.egemtv.com\/index.php?rest_route=\/wp\/v2\/users\/1"}],"replies":[{"embeddable":true,"href":"https:\/\/www.egemtv.com\/index.php?rest_route=%2Fwp%2Fv2%2Fcomments&post=84343"}],"version-history":[{"count":1,"href":"https:\/\/www.egemtv.com\/index.php?rest_route=\/wp\/v2\/posts\/84343\/revisions"}],"predecessor-version":[{"id":84345,"href":"https:\/\/www.egemtv.com\/index.php?rest_route=\/wp\/v2\/posts\/84343\/revisions\/84345"}],"wp:featuredmedia":[{"embeddable":true,"href":"https:\/\/www.egemtv.com\/index.php?rest_route=\/wp\/v2\/media\/84344"}],"wp:attachment":[{"href":"https:\/\/www.egemtv.com\/index.php?rest_route=%2Fwp%2Fv2%2Fmedia&parent=84343"}],"wp:term":[{"taxonomy":"category","embeddable":true,"href":"https:\/\/www.egemtv.com\/index.php?rest_route=%2Fwp%2Fv2%2Fcategories&post=84343"},{"taxonomy":"post_tag","embeddable":true,"href":"https:\/\/www.egemtv.com\/index.php?rest_route=%2Fwp%2Fv2%2Ftags&post=84343"}],"curies":[{"name":"wp","href":"https:\/\/api.w.org\/{rel}","templated":true}]}}