{"id":84340,"date":"2026-01-31T16:54:44","date_gmt":"2026-01-31T13:54:44","guid":{"rendered":"https:\/\/www.egemtv.com\/?p=84340"},"modified":"2026-01-31T16:54:45","modified_gmt":"2026-01-31T13:54:45","slug":"guvenli-gidada-taklit-ve-tagsise-taviz-yok","status":"publish","type":"post","link":"https:\/\/www.egemtv.com\/?p=84340","title":{"rendered":"G\u00fcvenli g\u0131dada taklit ve ta\u011f\u015fi\u015fe taviz yok"},"content":{"rendered":"<p>Manisa Tar\u0131m ve Orman \u0130l M\u00fcd\u00fcr\u00fc Mehmet Karay\u0131lan, &#8220;Manisa ilinde 46 tane taklit ve ta\u011f\u015fi\u015f yapan firma oldu. Ocak ay\u0131nda da 7 firmay\u0131 taklit ve ta\u011f\u015fi\u015f listesinde yay\u0131ml\u0131yoruz&#8221; dedi.<br \/>\n<br \/>Manisa Tar\u0131m ve Orman \u0130l M\u00fcd\u00fcr\u00fc Mehmet Karay\u0131lan, g\u00fcvenli g\u0131daya ula\u015fma noktas\u0131nda y\u00fcr\u00fct\u00fclen g\u0131da ve yem denetimlerine ili\u015fkin a\u00e7\u0131klamalarda bulundu. \u0130l M\u00fcd\u00fcrl\u00fc\u011f\u00fc ekiplerinin 2025 y\u0131l\u0131 boyunca 33 binin \u00fczerinde denetim ger\u00e7ekle\u015ftirdi\u011fini belirten Karay\u0131lan, Manisa\u2019da taklit ve ta\u011f\u015fi\u015f yapt\u0131\u011f\u0131 tespit edilen 46 firman\u0131n bakanl\u0131\u011f\u0131n listesinde yay\u0131mland\u0131\u011f\u0131n\u0131, 2026 y\u0131l\u0131n\u0131n Ocak ay\u0131nda ise 7 firman\u0131n daha bu listeye eklendi\u011fini s\u00f6yledi.<br \/>\n<br \/>G\u0131da denetimlerinde \u00f6zellikle \u00e7apraz denetimlere \u00f6nem verdiklerini vurgulayan Karay\u0131lan, bu y\u00f6ntemle &#8220;g\u0131da ter\u00f6r\u00fc&#8221;n\u00fcn \u00f6n\u00fcne ge\u00e7ildi\u011fini ifade etti. Manisa\u2019da ya\u015fayan yakla\u015f\u0131k 1,5 milyon vatanda\u015f\u0131n ayn\u0131 zamanda birer denetleyici oldu\u011funu belirten Karay\u0131lan, vatanda\u015flardan destek beklediklerini kaydetti. Alo G\u0131da 174 hatt\u0131 \u00fczerinden yap\u0131lan t\u00fcm ihbarlar\u0131n titizlikle de\u011ferlendirildi\u011fini dile getiren Karay\u0131lan, i\u015fini d\u00fczg\u00fcn yapan firmalar\u0131 tebrik ederken, kurallara uymayanlar\u0131n ise s\u00fcrekli takip edildi\u011fini vurgulad\u0131.<br \/>\n<br \/>Karay\u0131lan a\u00e7\u0131klamas\u0131nda, &#8220;G\u0131da olmazsa olmaz\u0131m\u0131z. G\u00fcvenli g\u0131daya ula\u015fmak hepimizin hakk\u0131d\u0131r. G\u0131dada da asla ve asla yanl\u0131\u015fa taviz yok. B\u00fct\u00fcn \u00e7al\u0131\u015fmalarda, denetimlerde bunu g\u00f6r\u00fcyoruz. 2025 y\u0131l\u0131nda 33 binin \u00fczerinde denetim yapt\u0131k. 18 binin \u00fczerindeki g\u0131da i\u015fletmesini tamamlam\u0131\u015f olduk. 18 bin i\u015fletmenin her birinin y\u0131lda en az 4 defa denetlenmesiyle 60 bin denetim say\u0131s\u0131na ula\u015fmam\u0131z gerekiyor. Son kullanma tarihi ge\u00e7mi\u015f \u00fcr\u00fcnlerle ilgili asla affetmeyiz ve bu \u00fcr\u00fcnlerin tamam\u0131n\u0131 imha ederiz. Bozulmu\u015f \u00fcr\u00fcnleri asla affetmeyiz. Her g\u00fcn taklit veya ta\u011f\u015fi\u015f yapan firmalarla u\u011fra\u015f\u0131yoruz. Manisa ilinde 46 tane taklit ve ta\u011f\u015fi\u015f yapan firma oldu. Ocak ay\u0131nda da 7 firmay\u0131 taklit ve ta\u011f\u015fi\u015f listesinde yay\u0131ml\u0131yoruz&#8221; dedi.<br \/>\n<br \/>G\u0131da denetimlerinde \u00e7apraz denetim uygulamas\u0131n\u0131 hayata ge\u00e7irdiklerini belirten Karay\u0131lan, &#8220;Hak etmi\u015f olan, d\u00fczenli ve do\u011fru \u00e7al\u0131\u015fan firmalara destek \u00e7\u0131kman\u0131n yolu, yanl\u0131\u015f yapan firmalar\u0131n egale edilmesidir. Biz de sahadaki g\u00fcc\u00fcm\u00fcz\u00fc buraya yans\u0131t\u0131yoruz. G\u0131da denetiminde g\u00f6rev yapan b\u00fct\u00fcn arkada\u015flar\u0131m\u0131za te\u015fekk\u00fcr ediyorum. \u00c7apraz denetimler yapt\u0131k; Demirci\u2019de g\u00f6rev yapan t\u00fcm g\u0131da denetimcilerimizi K\u00f6pr\u00fcba\u015f\u0131\u2019na, Yunusemre\u2019de g\u00f6rev yapanlar\u0131 ise \u015eehzadeler\u2019e g\u00f6nderdik. B\u00f6ylece i\u015fletmeleri farkl\u0131 bak\u0131\u015f a\u00e7\u0131lar\u0131yla denetledik. \u0130\u015fini d\u00fczg\u00fcn yapan firmalar\u0131 can\u0131 g\u00f6n\u00fclden tebrik ediyorum. Ancak i\u015fini d\u00fczg\u00fcn yapmayanlar\u0131n ensesindeyiz. Bizden ka\u00e7\u0131\u015f yok. \u0130\u015finizi d\u00fczg\u00fcn yapt\u0131\u011f\u0131n\u0131z s\u00fcrece size \u015f\u00fckranlar\u0131m\u0131z\u0131 arz ederiz&#8221; ifadelerini kulland\u0131.<br \/>\n<br \/>Denetimlere bizzat kat\u0131ld\u0131\u011f\u0131n\u0131 da belirten Karay\u0131lan, g\u0131da denetimlerinde kurallara uymayanlara ve hijyene \u00f6nem vermeyenlere g\u00f6z a\u00e7t\u0131rmayacaklar\u0131n\u0131 s\u00f6yledi. Karay\u0131lan, &#8220;Bizim amac\u0131m\u0131z kimsenin can\u0131n\u0131 yakmak de\u011fil, do\u011fruyu bulabilmek ve hijyeni sa\u011flayabilmektir. Ceza yazmaktansa firmalar\u0131n kendilerini geli\u015ftirmesini istiyoruz. Alo G\u0131da 174 hatt\u0131 \u00fczerinden bize ula\u015fabilirsiniz. Buraya gelen t\u00fcm ihbarlar\u0131 de\u011ferlendiriyoruz. G\u00f6r\u00fc\u015flerinize ve yard\u0131mlar\u0131n\u0131za ihtiyac\u0131m\u0131z var. Her bir t\u00fcketiciyi bir denetleyici olarak kabul ediyoruz. Manisa\u2019daki 1,5 milyon insandan bu deste\u011fi bekliyoruz. Ocak ay\u0131nda yay\u0131mlanan 7 firmayla ilgili savc\u0131l\u0131\u011fa su\u00e7 duyurusunda bulunduk, savc\u0131l\u0131k gerekli i\u015flemleri yap\u0131yor. Taklit ve ta\u011f\u015fi\u015f yapan 46 firmay\u0131 ise sosyal medya hesaplar\u0131m\u0131zda ve Tar\u0131m ve Orman Bakanl\u0131\u011f\u0131m\u0131z\u0131n internet sitesinde yay\u0131mlad\u0131k. Biz asla yanl\u0131\u015f yapan\u0131n yan\u0131na b\u0131rakmayaca\u011f\u0131z&#8221; diye konu\u015ftu.<br \/><\/p>\n","protected":false},"excerpt":{"rendered":"<p>Manisa Tar\u0131m ve Orman \u0130l M\u00fcd\u00fcr\u00fc Mehmet Karay\u0131lan, &#8220;Manisa ilinde 46 tane taklit ve ta\u011f\u015fi\u015f yapan firma oldu. Ocak ay\u0131nda da 7 firmay\u0131 taklit ve ta\u011f\u015fi\u015f listesinde yay\u0131ml\u0131yoruz&#8221; dedi. Manisa Tar\u0131m ve Orman \u0130l M\u00fcd\u00fcr\u00fc Mehmet Karay\u0131lan, g\u00fcvenli g\u0131daya ula\u015fma noktas\u0131nda y\u00fcr\u00fct\u00fclen g\u0131da ve yem denetimlerine ili\u015fkin a\u00e7\u0131klamalarda bulundu. \u0130l M\u00fcd\u00fcrl\u00fc\u011f\u00fc ekiplerinin 2025 y\u0131l\u0131 boyunca&#8230;<\/p>\n","protected":false},"author":1,"featured_media":84341,"comment_status":"open","ping_status":"open","sticky":false,"template":"","format":"standard","meta":{"_crdt_document":"","footnotes":""},"categories":[1],"tags":[],"class_list":["post-84340","post","type-post","status-publish","format-standard","has-post-thumbnail","hentry","category-guncel"],"_links":{"self":[{"href":"https:\/\/www.egemtv.com\/index.php?rest_route=\/wp\/v2\/posts\/84340","targetHints":{"allow":["GET"]}}],"collection":[{"href":"https:\/\/www.egemtv.com\/index.php?rest_route=\/wp\/v2\/posts"}],"about":[{"href":"https:\/\/www.egemtv.com\/index.php?rest_route=\/wp\/v2\/types\/post"}],"author":[{"embeddable":true,"href":"https:\/\/www.egemtv.com\/index.php?rest_route=\/wp\/v2\/users\/1"}],"replies":[{"embeddable":true,"href":"https:\/\/www.egemtv.com\/index.php?rest_route=%2Fwp%2Fv2%2Fcomments&post=84340"}],"version-history":[{"count":1,"href":"https:\/\/www.egemtv.com\/index.php?rest_route=\/wp\/v2\/posts\/84340\/revisions"}],"predecessor-version":[{"id":84342,"href":"https:\/\/www.egemtv.com\/index.php?rest_route=\/wp\/v2\/posts\/84340\/revisions\/84342"}],"wp:featuredmedia":[{"embeddable":true,"href":"https:\/\/www.egemtv.com\/index.php?rest_route=\/wp\/v2\/media\/84341"}],"wp:attachment":[{"href":"https:\/\/www.egemtv.com\/index.php?rest_route=%2Fwp%2Fv2%2Fmedia&parent=84340"}],"wp:term":[{"taxonomy":"category","embeddable":true,"href":"https:\/\/www.egemtv.com\/index.php?rest_route=%2Fwp%2Fv2%2Fcategories&post=84340"},{"taxonomy":"post_tag","embeddable":true,"href":"https:\/\/www.egemtv.com\/index.php?rest_route=%2Fwp%2Fv2%2Ftags&post=84340"}],"curies":[{"name":"wp","href":"https:\/\/api.w.org\/{rel}","templated":true}]}}