{"id":84337,"date":"2026-01-31T16:34:56","date_gmt":"2026-01-31T13:34:56","guid":{"rendered":"https:\/\/www.egemtv.com\/?p=84337"},"modified":"2026-01-31T16:34:57","modified_gmt":"2026-01-31T13:34:57","slug":"jandarmadan-tarihi-eser-kacakcilarina-darbe","status":"publish","type":"post","link":"https:\/\/www.egemtv.com\/?p=84337","title":{"rendered":"Jandarmadan tarihi eser ka\u00e7ak\u00e7\u0131lar\u0131na darbe"},"content":{"rendered":"<p>U\u015fak\u2019ta jandarma ekiplerince d\u00fczenlenen operasyonda \u00e7ok say\u0131da tarihi eser ile ruhsats\u0131z silah ve m\u00fchimmat ele ge\u00e7irilirken, 1 \u015f\u00fcpheli hakk\u0131nda adli i\u015flem ba\u015flat\u0131ld\u0131.<br \/>\n<br \/>U\u015fak \u0130l Jandarma Komutanl\u0131\u011f\u0131nca, ka\u00e7ak\u00e7\u0131l\u0131k olaylar\u0131n\u0131 \u00f6nlemek amac\u0131yla y\u00fcr\u00fct\u00fclen \u00e7al\u0131\u015fmalar kapsam\u0131nda, Ulubey il\u00e7esine ba\u011fl\u0131 K\u00fc\u00e7\u00fckkayal\u0131 k\u00f6y\u00fcnde ikamet eden 53 ya\u015f\u0131ndaki H.S.\u2019nin evine operasyon d\u00fczenlendi. Adreste yap\u0131lan aramalarda, 48 adet Osmanl\u0131 d\u00f6nemine ait sikke, 75 adet tarihi obje, 7 adet 7.65 mm tabanca fi\u015fe\u011fi, 1 adet dedekt\u00f6r, 1 adet define aramak amac\u0131yla kullan\u0131lan metal \u00e7ubuk ile 1 adet kuru s\u0131k\u0131 tabanca ele ge\u00e7irildi.<br \/>\n<br \/>Ele ge\u00e7irilen malzemelere el konulurken, \u015f\u00fcpheli H.S. g\u00f6zalt\u0131na al\u0131nd\u0131.<br \/><\/p>\n","protected":false},"excerpt":{"rendered":"<p>U\u015fak\u2019ta jandarma ekiplerince d\u00fczenlenen operasyonda \u00e7ok say\u0131da tarihi eser ile ruhsats\u0131z silah ve m\u00fchimmat ele ge\u00e7irilirken, 1 \u015f\u00fcpheli hakk\u0131nda adli i\u015flem ba\u015flat\u0131ld\u0131. U\u015fak \u0130l Jandarma Komutanl\u0131\u011f\u0131nca, ka\u00e7ak\u00e7\u0131l\u0131k olaylar\u0131n\u0131 \u00f6nlemek amac\u0131yla y\u00fcr\u00fct\u00fclen \u00e7al\u0131\u015fmalar kapsam\u0131nda, Ulubey il\u00e7esine ba\u011fl\u0131 K\u00fc\u00e7\u00fckkayal\u0131 k\u00f6y\u00fcnde ikamet eden 53 ya\u015f\u0131ndaki H.S.\u2019nin evine operasyon d\u00fczenlendi. Adreste yap\u0131lan aramalarda, 48 adet Osmanl\u0131 d\u00f6nemine ait sikke,&#8230;<\/p>\n","protected":false},"author":1,"featured_media":84338,"comment_status":"open","ping_status":"open","sticky":false,"template":"","format":"standard","meta":{"_crdt_document":"","footnotes":""},"categories":[5],"tags":[],"class_list":["post-84337","post","type-post","status-publish","format-standard","has-post-thumbnail","hentry","category-asayis"],"_links":{"self":[{"href":"https:\/\/www.egemtv.com\/index.php?rest_route=\/wp\/v2\/posts\/84337","targetHints":{"allow":["GET"]}}],"collection":[{"href":"https:\/\/www.egemtv.com\/index.php?rest_route=\/wp\/v2\/posts"}],"about":[{"href":"https:\/\/www.egemtv.com\/index.php?rest_route=\/wp\/v2\/types\/post"}],"author":[{"embeddable":true,"href":"https:\/\/www.egemtv.com\/index.php?rest_route=\/wp\/v2\/users\/1"}],"replies":[{"embeddable":true,"href":"https:\/\/www.egemtv.com\/index.php?rest_route=%2Fwp%2Fv2%2Fcomments&post=84337"}],"version-history":[{"count":1,"href":"https:\/\/www.egemtv.com\/index.php?rest_route=\/wp\/v2\/posts\/84337\/revisions"}],"predecessor-version":[{"id":84339,"href":"https:\/\/www.egemtv.com\/index.php?rest_route=\/wp\/v2\/posts\/84337\/revisions\/84339"}],"wp:featuredmedia":[{"embeddable":true,"href":"https:\/\/www.egemtv.com\/index.php?rest_route=\/wp\/v2\/media\/84338"}],"wp:attachment":[{"href":"https:\/\/www.egemtv.com\/index.php?rest_route=%2Fwp%2Fv2%2Fmedia&parent=84337"}],"wp:term":[{"taxonomy":"category","embeddable":true,"href":"https:\/\/www.egemtv.com\/index.php?rest_route=%2Fwp%2Fv2%2Fcategories&post=84337"},{"taxonomy":"post_tag","embeddable":true,"href":"https:\/\/www.egemtv.com\/index.php?rest_route=%2Fwp%2Fv2%2Ftags&post=84337"}],"curies":[{"name":"wp","href":"https:\/\/api.w.org\/{rel}","templated":true}]}}