{"id":84334,"date":"2026-01-31T16:34:55","date_gmt":"2026-01-31T13:34:55","guid":{"rendered":"https:\/\/www.egemtv.com\/?p=84334"},"modified":"2026-01-31T16:34:56","modified_gmt":"2026-01-31T13:34:56","slug":"usakta-galericiler-sitesinde-asayis-denetimi","status":"publish","type":"post","link":"https:\/\/www.egemtv.com\/?p=84334","title":{"rendered":"U\u015fak\u2019ta galericiler sitesinde asayi\u015f denetimi"},"content":{"rendered":"<p>U\u015fak\u2019ta polis ekiplerince Fevzi \u00c7akmak Mahallesi\u2019nde bulunan Galericiler Sitesi\u2019nde yap\u0131lan asayi\u015f denetimlerinde \u00e7ok say\u0131da silah, m\u00fchimmat ve yasad\u0131\u015f\u0131 materyal ele ge\u00e7irilirken 11 ki\u015fi hakk\u0131nda adli ve idari i\u015flem uyguland\u0131.<br \/>\n<br \/>U\u015fak \u0130l Emniyet M\u00fcd\u00fcrl\u00fc\u011f\u00fc\u2019ne ba\u011fl\u0131 Asayi\u015f \u015eube M\u00fcd\u00fcrl\u00fc\u011f\u00fc ekiplerince, edinilen bilgiler \u00e7er\u00e7evesinde, Fevzi \u00c7akmak Mahallesi\u2019nde bulunan Galericiler Sitesi\u2019nde faaliyet g\u00f6steren i\u015f yerlerine y\u00f6nelik denetim ger\u00e7ekle\u015ftirildi. \u0130\u015f yerlerinde yap\u0131lan aramalarda 13 adet ruhsats\u0131z av t\u00fcfe\u011fi ve 218 adet av fi\u015fe\u011fi, 5 adet kurus\u0131k\u0131 tabanca ve 17 adet kurus\u0131k\u0131 tabanca fi\u015fe\u011fi, 1 adet 7.65 \u00e7ap\u0131nda tabanca ve 374 adet 9 mm \u00e7ap\u0131nda fi\u015fek, 1 adet tabanca s\u00fcrg\u00fc tak\u0131m\u0131, 60 adet sentetik ecza ile 13 adet kesici alet ele ge\u00e7irildi.<br \/>\n<br \/>\u00d6te yandan, denetimler kapsam\u0131nda toplam 11 \u015fah\u0131s hakk\u0131nda adli ve idari i\u015flem yap\u0131ld\u0131\u011f\u0131 \u00f6\u011frenildi.<br \/><\/p>\n","protected":false},"excerpt":{"rendered":"<p>U\u015fak\u2019ta polis ekiplerince Fevzi \u00c7akmak Mahallesi\u2019nde bulunan Galericiler Sitesi\u2019nde yap\u0131lan asayi\u015f denetimlerinde \u00e7ok say\u0131da silah, m\u00fchimmat ve yasad\u0131\u015f\u0131 materyal ele ge\u00e7irilirken 11 ki\u015fi hakk\u0131nda adli ve idari i\u015flem uyguland\u0131. U\u015fak \u0130l Emniyet M\u00fcd\u00fcrl\u00fc\u011f\u00fc\u2019ne ba\u011fl\u0131 Asayi\u015f \u015eube M\u00fcd\u00fcrl\u00fc\u011f\u00fc ekiplerince, edinilen bilgiler \u00e7er\u00e7evesinde, Fevzi \u00c7akmak Mahallesi\u2019nde bulunan Galericiler Sitesi\u2019nde faaliyet g\u00f6steren i\u015f yerlerine y\u00f6nelik denetim ger\u00e7ekle\u015ftirildi. \u0130\u015f&#8230;<\/p>\n","protected":false},"author":1,"featured_media":84335,"comment_status":"open","ping_status":"open","sticky":false,"template":"","format":"standard","meta":{"_crdt_document":"","footnotes":""},"categories":[5],"tags":[],"class_list":["post-84334","post","type-post","status-publish","format-standard","has-post-thumbnail","hentry","category-asayis"],"_links":{"self":[{"href":"https:\/\/www.egemtv.com\/index.php?rest_route=\/wp\/v2\/posts\/84334","targetHints":{"allow":["GET"]}}],"collection":[{"href":"https:\/\/www.egemtv.com\/index.php?rest_route=\/wp\/v2\/posts"}],"about":[{"href":"https:\/\/www.egemtv.com\/index.php?rest_route=\/wp\/v2\/types\/post"}],"author":[{"embeddable":true,"href":"https:\/\/www.egemtv.com\/index.php?rest_route=\/wp\/v2\/users\/1"}],"replies":[{"embeddable":true,"href":"https:\/\/www.egemtv.com\/index.php?rest_route=%2Fwp%2Fv2%2Fcomments&post=84334"}],"version-history":[{"count":1,"href":"https:\/\/www.egemtv.com\/index.php?rest_route=\/wp\/v2\/posts\/84334\/revisions"}],"predecessor-version":[{"id":84336,"href":"https:\/\/www.egemtv.com\/index.php?rest_route=\/wp\/v2\/posts\/84334\/revisions\/84336"}],"wp:featuredmedia":[{"embeddable":true,"href":"https:\/\/www.egemtv.com\/index.php?rest_route=\/wp\/v2\/media\/84335"}],"wp:attachment":[{"href":"https:\/\/www.egemtv.com\/index.php?rest_route=%2Fwp%2Fv2%2Fmedia&parent=84334"}],"wp:term":[{"taxonomy":"category","embeddable":true,"href":"https:\/\/www.egemtv.com\/index.php?rest_route=%2Fwp%2Fv2%2Fcategories&post=84334"},{"taxonomy":"post_tag","embeddable":true,"href":"https:\/\/www.egemtv.com\/index.php?rest_route=%2Fwp%2Fv2%2Ftags&post=84334"}],"curies":[{"name":"wp","href":"https:\/\/api.w.org\/{rel}","templated":true}]}}