{"id":84331,"date":"2026-01-31T15:55:42","date_gmt":"2026-01-31T12:55:42","guid":{"rendered":"https:\/\/www.egemtv.com\/?p=84331"},"modified":"2026-01-31T15:55:43","modified_gmt":"2026-01-31T12:55:43","slug":"takla-atan-otomobilde-3-kisi-yaralandi","status":"publish","type":"post","link":"https:\/\/www.egemtv.com\/?p=84331","title":{"rendered":"Takla atan otomobilde 3 ki\u015fi yaraland\u0131"},"content":{"rendered":"<p>Afyonkarahisar\u2019da kontrolden \u00e7\u0131karak ref\u00fcje \u00e7arp\u0131p ard\u0131ndan takla atan otomobilde biri a\u011f\u0131r 3 ki\u015fi yaraland\u0131.<br \/>\n<br \/>Kaza, Bolvadin il\u00e7esi yak\u0131nlar\u0131nda meydana geldi. Edinilen bilgilere g\u00f6re, A.G., idaresindeki 80 AFG 579 plakal\u0131 otomobil s\u00fcr\u00fcc\u00fcs\u00fcn\u00fcn hen\u00fcz belirlenemeyen bir sebepten \u00f6t\u00fcr\u00fc direksiyon hakimiyetini kaybetmesi sonucu kontrolden \u00e7\u0131kt\u0131. Savrulan ara\u00e7 ard\u0131ndan yol kenar\u0131ndaki ref\u00fcje \u00e7arp\u0131p takla att\u0131. Kazada s\u00fcr\u00fcc\u00fc ile birlikte ara\u00e7ta bulunan A.G.A. ve Z.F.A., yaraland\u0131. Yaral\u0131lar kaza sonras\u0131 \u00e7evredekilerin haber vermesi \u00fczerine olay yerine gelen ambulanslarla hastanelere kald\u0131r\u0131ld\u0131. Yaral\u0131lardan A.G.\u2019nin durumunun ciddiyetini korudu\u011fu bildirildi.<br \/>\n<br \/>Kazan\u0131n ard\u0131ndan jandarma taraf\u0131ndan inceleme ba\u015flat\u0131ld\u0131.<br \/><\/p>\n","protected":false},"excerpt":{"rendered":"<p>Afyonkarahisar\u2019da kontrolden \u00e7\u0131karak ref\u00fcje \u00e7arp\u0131p ard\u0131ndan takla atan otomobilde biri a\u011f\u0131r 3 ki\u015fi yaraland\u0131. Kaza, Bolvadin il\u00e7esi yak\u0131nlar\u0131nda meydana geldi. Edinilen bilgilere g\u00f6re, A.G., idaresindeki 80 AFG 579 plakal\u0131 otomobil s\u00fcr\u00fcc\u00fcs\u00fcn\u00fcn hen\u00fcz belirlenemeyen bir sebepten \u00f6t\u00fcr\u00fc direksiyon hakimiyetini kaybetmesi sonucu kontrolden \u00e7\u0131kt\u0131. Savrulan ara\u00e7 ard\u0131ndan yol kenar\u0131ndaki ref\u00fcje \u00e7arp\u0131p takla att\u0131. Kazada s\u00fcr\u00fcc\u00fc ile birlikte&#8230;<\/p>\n","protected":false},"author":1,"featured_media":84332,"comment_status":"open","ping_status":"open","sticky":false,"template":"","format":"standard","meta":{"_crdt_document":"","footnotes":""},"categories":[5],"tags":[],"class_list":["post-84331","post","type-post","status-publish","format-standard","has-post-thumbnail","hentry","category-asayis"],"_links":{"self":[{"href":"https:\/\/www.egemtv.com\/index.php?rest_route=\/wp\/v2\/posts\/84331","targetHints":{"allow":["GET"]}}],"collection":[{"href":"https:\/\/www.egemtv.com\/index.php?rest_route=\/wp\/v2\/posts"}],"about":[{"href":"https:\/\/www.egemtv.com\/index.php?rest_route=\/wp\/v2\/types\/post"}],"author":[{"embeddable":true,"href":"https:\/\/www.egemtv.com\/index.php?rest_route=\/wp\/v2\/users\/1"}],"replies":[{"embeddable":true,"href":"https:\/\/www.egemtv.com\/index.php?rest_route=%2Fwp%2Fv2%2Fcomments&post=84331"}],"version-history":[{"count":1,"href":"https:\/\/www.egemtv.com\/index.php?rest_route=\/wp\/v2\/posts\/84331\/revisions"}],"predecessor-version":[{"id":84333,"href":"https:\/\/www.egemtv.com\/index.php?rest_route=\/wp\/v2\/posts\/84331\/revisions\/84333"}],"wp:featuredmedia":[{"embeddable":true,"href":"https:\/\/www.egemtv.com\/index.php?rest_route=\/wp\/v2\/media\/84332"}],"wp:attachment":[{"href":"https:\/\/www.egemtv.com\/index.php?rest_route=%2Fwp%2Fv2%2Fmedia&parent=84331"}],"wp:term":[{"taxonomy":"category","embeddable":true,"href":"https:\/\/www.egemtv.com\/index.php?rest_route=%2Fwp%2Fv2%2Fcategories&post=84331"},{"taxonomy":"post_tag","embeddable":true,"href":"https:\/\/www.egemtv.com\/index.php?rest_route=%2Fwp%2Fv2%2Ftags&post=84331"}],"curies":[{"name":"wp","href":"https:\/\/api.w.org\/{rel}","templated":true}]}}