{"id":84328,"date":"2026-01-31T15:55:41","date_gmt":"2026-01-31T12:55:41","guid":{"rendered":"https:\/\/www.egemtv.com\/?p=84328"},"modified":"2026-01-31T15:55:42","modified_gmt":"2026-01-31T12:55:42","slug":"3-ayri-suctan-aranan-3-hukumlu-manisada-yakalandi","status":"publish","type":"post","link":"https:\/\/www.egemtv.com\/?p=84328","title":{"rendered":"3 ayr\u0131 su\u00e7tan aranan 3 h\u00fck\u00fcml\u00fc Manisa\u2019da yakaland\u0131"},"content":{"rendered":"<p>Manisa\u2019da aranan \u015fah\u0131slar\u0131n yakalanmas\u0131na y\u00f6nelik y\u00fcr\u00fct\u00fclen \u00e7al\u0131\u015fmalar kapsam\u0131nda, haklar\u0131nda uzun s\u00fcreli kesinle\u015fmi\u015f hapis cezas\u0131 bulunan 3 h\u00fck\u00fcml\u00fc jandarma ekiplerince yakaland\u0131.<br \/>\n<br \/>Manisa \u0130l Jandarma Komutanl\u0131\u011f\u0131 taraf\u0131ndan aranan \u015fah\u0131slar\u0131n yakalanmas\u0131na y\u00f6nelik s\u00fcrd\u00fcr\u00fclen saha ve analiz \u00e7al\u0131\u015fmalar\u0131 \u00e7er\u00e7evesinde; adam \u00f6ld\u00fcrme su\u00e7undan aranan ve hakk\u0131nda 35 y\u0131l 6 ay kesinle\u015fmi\u015f hapis cezas\u0131 bulunan A.A. (43), JASAT ve Soma Merkez Karakol Komutanl\u0131\u011f\u0131 ekiplerince Soma il\u00e7esinde yakaland\u0131.<br \/>\n<br \/>Uyu\u015fturucu madde ticareti yapma su\u00e7undan aranan ve hakk\u0131nda 22 y\u0131l 6 ay 25 g\u00fcn kesinle\u015fmi\u015f hapis cezas\u0131 bulunan C.T. (33) ise Yunusemre Merkez Karakol Komutanl\u0131\u011f\u0131 ekipleri taraf\u0131ndan Muradiye Mahallesi\u2019nde g\u00f6zalt\u0131na al\u0131nd\u0131.<br \/>\n<br \/>\u00d6te yandan, doland\u0131r\u0131c\u0131l\u0131k su\u00e7undan aranan ve hakk\u0131nda 9 y\u0131l kesinle\u015fmi\u015f hapis cezas\u0131 bulunan \u0130.K. (26), Otoyol Jandarma Komutanl\u0131\u011f\u0131 ekiplerince Turgutlu gi\u015felerinde yakaland\u0131. \u015eahs\u0131n \u00fczerinde ve bulundu\u011fu ara\u00e7ta yap\u0131lan aramada 250 adet sentetik ecza ele ge\u00e7irildi.<br \/>\n<br \/>Yakalanan \u015fah\u0131slar hakk\u0131nda, adli makamlar\u0131n talimatlar\u0131 do\u011frultusunda gerekli i\u015flemlere ba\u015fland\u0131\u011f\u0131 bildirildi.<br \/><\/p>\n","protected":false},"excerpt":{"rendered":"<p>Manisa\u2019da aranan \u015fah\u0131slar\u0131n yakalanmas\u0131na y\u00f6nelik y\u00fcr\u00fct\u00fclen \u00e7al\u0131\u015fmalar kapsam\u0131nda, haklar\u0131nda uzun s\u00fcreli kesinle\u015fmi\u015f hapis cezas\u0131 bulunan 3 h\u00fck\u00fcml\u00fc jandarma ekiplerince yakaland\u0131. Manisa \u0130l Jandarma Komutanl\u0131\u011f\u0131 taraf\u0131ndan aranan \u015fah\u0131slar\u0131n yakalanmas\u0131na y\u00f6nelik s\u00fcrd\u00fcr\u00fclen saha ve analiz \u00e7al\u0131\u015fmalar\u0131 \u00e7er\u00e7evesinde; adam \u00f6ld\u00fcrme su\u00e7undan aranan ve hakk\u0131nda 35 y\u0131l 6 ay kesinle\u015fmi\u015f hapis cezas\u0131 bulunan A.A. (43), JASAT ve Soma Merkez&#8230;<\/p>\n","protected":false},"author":1,"featured_media":84329,"comment_status":"open","ping_status":"open","sticky":false,"template":"","format":"standard","meta":{"_crdt_document":"","footnotes":""},"categories":[5],"tags":[],"class_list":["post-84328","post","type-post","status-publish","format-standard","has-post-thumbnail","hentry","category-asayis"],"_links":{"self":[{"href":"https:\/\/www.egemtv.com\/index.php?rest_route=\/wp\/v2\/posts\/84328","targetHints":{"allow":["GET"]}}],"collection":[{"href":"https:\/\/www.egemtv.com\/index.php?rest_route=\/wp\/v2\/posts"}],"about":[{"href":"https:\/\/www.egemtv.com\/index.php?rest_route=\/wp\/v2\/types\/post"}],"author":[{"embeddable":true,"href":"https:\/\/www.egemtv.com\/index.php?rest_route=\/wp\/v2\/users\/1"}],"replies":[{"embeddable":true,"href":"https:\/\/www.egemtv.com\/index.php?rest_route=%2Fwp%2Fv2%2Fcomments&post=84328"}],"version-history":[{"count":1,"href":"https:\/\/www.egemtv.com\/index.php?rest_route=\/wp\/v2\/posts\/84328\/revisions"}],"predecessor-version":[{"id":84330,"href":"https:\/\/www.egemtv.com\/index.php?rest_route=\/wp\/v2\/posts\/84328\/revisions\/84330"}],"wp:featuredmedia":[{"embeddable":true,"href":"https:\/\/www.egemtv.com\/index.php?rest_route=\/wp\/v2\/media\/84329"}],"wp:attachment":[{"href":"https:\/\/www.egemtv.com\/index.php?rest_route=%2Fwp%2Fv2%2Fmedia&parent=84328"}],"wp:term":[{"taxonomy":"category","embeddable":true,"href":"https:\/\/www.egemtv.com\/index.php?rest_route=%2Fwp%2Fv2%2Fcategories&post=84328"},{"taxonomy":"post_tag","embeddable":true,"href":"https:\/\/www.egemtv.com\/index.php?rest_route=%2Fwp%2Fv2%2Ftags&post=84328"}],"curies":[{"name":"wp","href":"https:\/\/api.w.org\/{rel}","templated":true}]}}