{"id":84325,"date":"2026-01-31T15:55:39","date_gmt":"2026-01-31T12:55:39","guid":{"rendered":"https:\/\/www.egemtv.com\/?p=84325"},"modified":"2026-01-31T15:55:41","modified_gmt":"2026-01-31T12:55:41","slug":"sokede-cocuk-gelisimi-ve-aile-rehberligi-semineri-gerceklestirildi","status":"publish","type":"post","link":"https:\/\/www.egemtv.com\/?p=84325","title":{"rendered":"S\u00f6ke\u2019de \u2019\u00c7ocuk Geli\u015fimi ve Aile Rehberli\u011fi\u2019 semineri ger\u00e7ekle\u015ftirildi"},"content":{"rendered":"<p>S\u00f6ke Belediyesi ile \u00c7ocuklar G\u00fcl\u00fcmsesin Derne\u011fi \u00f6nc\u00fcl\u00fc\u011f\u00fcnde d\u00fczenlenen \u2019\u00c7ocuk Geli\u015fiminde Erken M\u00fcdahale ve Aile Rehberli\u011fi\u2019 semineri, yo\u011fun kat\u0131l\u0131m la ger\u00e7ekle\u015ftirildi.<\/p>\n<p>\u00d6zel bir E\u011fitim ve Rehabilitasyon Merkezi i\u015fbirli\u011fi ile Recep Yaz\u0131c\u0131o\u011flu K\u00fclt\u00fcr Merkezi\u2019nde d\u00fczenlenen seminere \u00e7ok say\u0131da aile ve vatanda\u015f kat\u0131l\u0131rken, alan\u0131nda uzman konu\u015fmac\u0131lar \u00e7ocuk geli\u015fimine dair \u00f6nemli ba\u015fl\u0131klarda bilgilendirmelerde bulundu. \u00c7ocuk Geli\u015fimi Uzman\u0131 Kadriye Devran, \u00e7ocuk geli\u015fimi ve \u00e7ocuk geli\u015fimcinin rol\u00fc \u00fczerine de\u011ferlendirmelerde bulundu. Dil ve Konu\u015fma Terapisti Tu\u011fba Atl\u0131 dil ve konu\u015fma terapistli\u011finin \u00e7al\u0131\u015fma alanlar\u0131 ve \u00e7ocuk geli\u015fimindeki \u00f6nemine dikkat \u00e7ekti. Hem\u015fire ve \u00c7ocuk Geli\u015fimci Nursel Devran ise \u00e7ocuklarda beslenmenin geli\u015fim \u00fczerindeki etkileri hakk\u0131nda bilgi verdi. Sosyolog Erkan Bayraktar da \u00e7ocuklarda ekran kullan\u0131m\u0131 ve ekran ba\u011f\u0131ml\u0131l\u0131\u011f\u0131 konular\u0131n\u0131 ele ald\u0131.<\/p>\n<p>\u00c7ocuklar\u0131n geli\u015fimlerine y\u00f6nelik \u00f6nemli bilgilerin aktar\u0131ld\u0131\u011f\u0131 seminerde, \u00e7a\u011f\u0131n gereklili\u011fi ile birlikte geli\u015fen teknolojinin \u00e7ocuklar\u0131n geli\u015fimlerine olan etkileri detayl\u0131 olarak konu\u015fuldu.<\/p>\n<p>Seminer boyunca kat\u0131l\u0131mc\u0131lar, konu\u015fmac\u0131lar taraf\u0131ndan payla\u015f\u0131lan bilgilere sorular\u0131yla aktif \u015fekilde katk\u0131 sunarak interaktif bir ortam olu\u015fturdu. Etkinli\u011fe Garnizon Komutan\u0131 Ozan Y\u0131lmaz da kat\u0131ld\u0131.<br \/><\/p>\n","protected":false},"excerpt":{"rendered":"<p>S\u00f6ke Belediyesi ile \u00c7ocuklar G\u00fcl\u00fcmsesin Derne\u011fi \u00f6nc\u00fcl\u00fc\u011f\u00fcnde d\u00fczenlenen \u2019\u00c7ocuk Geli\u015fiminde Erken M\u00fcdahale ve Aile Rehberli\u011fi\u2019 semineri, yo\u011fun kat\u0131l\u0131m la ger\u00e7ekle\u015ftirildi. \u00d6zel bir E\u011fitim ve Rehabilitasyon Merkezi i\u015fbirli\u011fi ile Recep Yaz\u0131c\u0131o\u011flu K\u00fclt\u00fcr Merkezi\u2019nde d\u00fczenlenen seminere \u00e7ok say\u0131da aile ve vatanda\u015f kat\u0131l\u0131rken, alan\u0131nda uzman konu\u015fmac\u0131lar \u00e7ocuk geli\u015fimine dair \u00f6nemli ba\u015fl\u0131klarda bilgilendirmelerde bulundu. \u00c7ocuk Geli\u015fimi Uzman\u0131 Kadriye Devran,&#8230;<\/p>\n","protected":false},"author":1,"featured_media":84326,"comment_status":"open","ping_status":"open","sticky":false,"template":"","format":"standard","meta":{"_crdt_document":"","footnotes":""},"categories":[1],"tags":[],"class_list":["post-84325","post","type-post","status-publish","format-standard","has-post-thumbnail","hentry","category-guncel"],"_links":{"self":[{"href":"https:\/\/www.egemtv.com\/index.php?rest_route=\/wp\/v2\/posts\/84325","targetHints":{"allow":["GET"]}}],"collection":[{"href":"https:\/\/www.egemtv.com\/index.php?rest_route=\/wp\/v2\/posts"}],"about":[{"href":"https:\/\/www.egemtv.com\/index.php?rest_route=\/wp\/v2\/types\/post"}],"author":[{"embeddable":true,"href":"https:\/\/www.egemtv.com\/index.php?rest_route=\/wp\/v2\/users\/1"}],"replies":[{"embeddable":true,"href":"https:\/\/www.egemtv.com\/index.php?rest_route=%2Fwp%2Fv2%2Fcomments&post=84325"}],"version-history":[{"count":1,"href":"https:\/\/www.egemtv.com\/index.php?rest_route=\/wp\/v2\/posts\/84325\/revisions"}],"predecessor-version":[{"id":84327,"href":"https:\/\/www.egemtv.com\/index.php?rest_route=\/wp\/v2\/posts\/84325\/revisions\/84327"}],"wp:featuredmedia":[{"embeddable":true,"href":"https:\/\/www.egemtv.com\/index.php?rest_route=\/wp\/v2\/media\/84326"}],"wp:attachment":[{"href":"https:\/\/www.egemtv.com\/index.php?rest_route=%2Fwp%2Fv2%2Fmedia&parent=84325"}],"wp:term":[{"taxonomy":"category","embeddable":true,"href":"https:\/\/www.egemtv.com\/index.php?rest_route=%2Fwp%2Fv2%2Fcategories&post=84325"},{"taxonomy":"post_tag","embeddable":true,"href":"https:\/\/www.egemtv.com\/index.php?rest_route=%2Fwp%2Fv2%2Ftags&post=84325"}],"curies":[{"name":"wp","href":"https:\/\/api.w.org\/{rel}","templated":true}]}}