{"id":84280,"date":"2026-01-31T13:14:41","date_gmt":"2026-01-31T10:14:41","guid":{"rendered":"https:\/\/www.egemtv.com\/?p=84280"},"modified":"2026-01-31T13:14:42","modified_gmt":"2026-01-31T10:14:42","slug":"spilin-zirvesinde-turk-bayragi-actilar","status":"publish","type":"post","link":"https:\/\/www.egemtv.com\/?p=84280","title":{"rendered":"Spil\u2019in zirvesinde T\u00fcrk Bayra\u011f\u0131 a\u00e7t\u0131lar"},"content":{"rendered":"<p>Manisa\u2019da Yunusemre Kendinyap At\u00f6lyesi taraf\u0131ndan Spil Da\u011f\u0131 Milli Park\u0131\u2019nda d\u00fczenlenen Spil Do\u011fa Ligi kamp\u0131nda \u00f6\u011frenciler, T\u00fcrk bayra\u011f\u0131 sevgisini do\u011fayla i\u00e7 i\u00e7e ya\u015fayarak \u00f6\u011frendi. Etkinlik kapsam\u0131nda \u0130stiklal Mar\u015f\u0131, Spil Da\u011f\u0131\u2019n\u0131n zirvesinde co\u015fku ve gururla okundu.<br \/>\n<br \/>Manisa\u2019da Yunusemre Kendinyap At\u00f6lyesi taraf\u0131ndan Spil Da\u011f\u0131 Milli Park\u0131nda d\u00fczenlenen Spil Do\u011fa Ligi kamp\u0131na, Yunusemre \u0130l\u00e7e Mill\u00ee E\u011fitim M\u00fcd\u00fcr\u00fc Y\u0131ld\u0131ray Demirta\u015f, \u015fube m\u00fcd\u00fcrleri ve \u00f6\u011frencileri kat\u0131l\u0131m sa\u011flad\u0131. Do\u011fayla i\u00e7 i\u00e7e ger\u00e7ekle\u015ftirilen etkinlikte, \u00f6\u011frencilere ay y\u0131ld\u0131zl\u0131 T\u00fcrk Bayra\u011f\u0131 hediye edilirken, \u0130stiklal Mar\u015f\u0131 Spil Da\u011f\u0131\u2019n\u0131n zirvesinde b\u00fcy\u00fck bir co\u015fku ve gururla okundu. Program kapsam\u0131nda \u00f6\u011frencilerle bir araya gelen Yunusemre \u0130l\u00e7e Milli E\u011fitim M\u00fcd\u00fcr\u00fc Y\u0131ld\u0131ray Demirta\u015f, &#8220;Bayra\u011f\u0131m\u0131z; milletimizin ba\u011f\u0131ms\u0131zl\u0131\u011f\u0131n\u0131n, birlik ve beraberli\u011finin en g\u00fc\u00e7l\u00fc simgesidir. \u00c7ocuklar\u0131m\u0131z\u0131n bu bilin\u00e7le yeti\u015fmesi, vatan\u0131n\u0131 seven ve sorumluluk sahibi bireyler olmalar\u0131 bizler i\u00e7in en b\u00fcy\u00fck kazan\u0131md\u0131r. Bug\u00fcn burada, do\u011fayla i\u00e7 i\u00e7e, bayrak sevgisini ya\u015fayarak \u00f6\u011frenmeleri son derece anlaml\u0131d\u0131r&#8221; dedi.<br \/>\n<br \/>Demirta\u015f konu\u015fmas\u0131nda ayr\u0131ca, Mill\u00ee E\u011fitim Bakanl\u0131\u011f\u0131 taraf\u0131ndan ikinci d\u00f6nemini &#8220;Bayrak Sevgisi&#8221; temas\u0131yla ba\u015flayaca\u011f\u0131n\u0131 duyurmas\u0131n\u0131n \u00f6nemine de\u011finerek, &#8220;T\u00fcrkiye Y\u00fczy\u0131l\u0131 Maarif Modeli\u2019nin \u2018K\u00f6klerden Gelece\u011fe\u2019 anlay\u0131\u015f\u0131 do\u011frultusunda; mill\u00ee ve manevi de\u011ferlerimizi merkeze alan bu t\u00fcr etkinlikleri art\u0131rarak s\u00fcrd\u00fcrmeye devam edece\u011fiz.&#8221; ifadelerini kulland\u0131.<br \/>\n<br \/>Ger\u00e7ekle\u015ftirilen etkinlik; \u00f6\u011frencilerin teknoloji ve do\u011fayla \u00f6\u011frenmesini desteklerken, mill\u00ee bilin\u00e7, de\u011ferler e\u011fitimi ve sosyal geli\u015fim alanlar\u0131nda da \u00f6nemli kazan\u0131mlar sa\u011flad\u0131. E\u011fitim y\u00f6neticilerinin kat\u0131l\u0131m\u0131yla ger\u00e7ekle\u015ftirilen bu anlaml\u0131 bulu\u015fma, e\u011fitimde kaliteyi art\u0131ran, de\u011fer temelli ve b\u00fct\u00fcnc\u00fcl yakla\u015f\u0131m\u0131n somut bir \u00f6rne\u011fi oldu.<br \/><\/p>\n","protected":false},"excerpt":{"rendered":"<p>Manisa\u2019da Yunusemre Kendinyap At\u00f6lyesi taraf\u0131ndan Spil Da\u011f\u0131 Milli Park\u0131\u2019nda d\u00fczenlenen Spil Do\u011fa Ligi kamp\u0131nda \u00f6\u011frenciler, T\u00fcrk bayra\u011f\u0131 sevgisini do\u011fayla i\u00e7 i\u00e7e ya\u015fayarak \u00f6\u011frendi. Etkinlik kapsam\u0131nda \u0130stiklal Mar\u015f\u0131, Spil Da\u011f\u0131\u2019n\u0131n zirvesinde co\u015fku ve gururla okundu. Manisa\u2019da Yunusemre Kendinyap At\u00f6lyesi taraf\u0131ndan Spil Da\u011f\u0131 Milli Park\u0131nda d\u00fczenlenen Spil Do\u011fa Ligi kamp\u0131na, Yunusemre \u0130l\u00e7e Mill\u00ee E\u011fitim M\u00fcd\u00fcr\u00fc Y\u0131ld\u0131ray Demirta\u015f,&#8230;<\/p>\n","protected":false},"author":1,"featured_media":84281,"comment_status":"open","ping_status":"open","sticky":false,"template":"","format":"standard","meta":{"_crdt_document":"","footnotes":""},"categories":[1],"tags":[],"class_list":["post-84280","post","type-post","status-publish","format-standard","has-post-thumbnail","hentry","category-guncel"],"_links":{"self":[{"href":"https:\/\/www.egemtv.com\/index.php?rest_route=\/wp\/v2\/posts\/84280","targetHints":{"allow":["GET"]}}],"collection":[{"href":"https:\/\/www.egemtv.com\/index.php?rest_route=\/wp\/v2\/posts"}],"about":[{"href":"https:\/\/www.egemtv.com\/index.php?rest_route=\/wp\/v2\/types\/post"}],"author":[{"embeddable":true,"href":"https:\/\/www.egemtv.com\/index.php?rest_route=\/wp\/v2\/users\/1"}],"replies":[{"embeddable":true,"href":"https:\/\/www.egemtv.com\/index.php?rest_route=%2Fwp%2Fv2%2Fcomments&post=84280"}],"version-history":[{"count":1,"href":"https:\/\/www.egemtv.com\/index.php?rest_route=\/wp\/v2\/posts\/84280\/revisions"}],"predecessor-version":[{"id":84282,"href":"https:\/\/www.egemtv.com\/index.php?rest_route=\/wp\/v2\/posts\/84280\/revisions\/84282"}],"wp:featuredmedia":[{"embeddable":true,"href":"https:\/\/www.egemtv.com\/index.php?rest_route=\/wp\/v2\/media\/84281"}],"wp:attachment":[{"href":"https:\/\/www.egemtv.com\/index.php?rest_route=%2Fwp%2Fv2%2Fmedia&parent=84280"}],"wp:term":[{"taxonomy":"category","embeddable":true,"href":"https:\/\/www.egemtv.com\/index.php?rest_route=%2Fwp%2Fv2%2Fcategories&post=84280"},{"taxonomy":"post_tag","embeddable":true,"href":"https:\/\/www.egemtv.com\/index.php?rest_route=%2Fwp%2Fv2%2Ftags&post=84280"}],"curies":[{"name":"wp","href":"https:\/\/api.w.org\/{rel}","templated":true}]}}