{"id":84277,"date":"2026-01-31T12:34:58","date_gmt":"2026-01-31T09:34:58","guid":{"rendered":"https:\/\/www.egemtv.com\/?p=84277"},"modified":"2026-01-31T12:35:00","modified_gmt":"2026-01-31T09:35:00","slug":"bayindir-nergis-ve-kuru-cicek-festivali-iptal-edildi","status":"publish","type":"post","link":"https:\/\/www.egemtv.com\/?p=84277","title":{"rendered":"Bay\u0131nd\u0131r Nergis ve Kuru \u00c7i\u00e7ek Festivali iptal edildi"},"content":{"rendered":"<p>Bay\u0131nd\u0131r il\u00e7esinde d\u00fczenlenmesi planlanan 5. Turan Mahallesi Nergis ve Kuru \u00c7i\u00e7ek Festivali, b\u00f6lgede etkili olan olumsuz hava \u015fartlar\u0131 nedeniyle iptal edildi.<br \/>\n<br \/>Bay\u0131nd\u0131r\u2019da nergis \u00fcreticilerini ve vatanda\u015flar\u0131 bir araya getirmesi planlanan 5. Bay\u0131nd\u0131r Turan Mahallesi Nergis ve Kuru \u00c7i\u00e7ek Festivali\u2019nin, yo\u011fun ya\u011f\u0131\u015f ve elveri\u015fsiz hava \u015fartlar\u0131 sebebiyle ger\u00e7ekle\u015ftirilemeyece\u011fi a\u00e7\u0131kland\u0131. Karar\u0131n, kat\u0131l\u0131mc\u0131lar\u0131n g\u00fcvenli\u011fi ve organizasyonun sa\u011fl\u0131kl\u0131 i\u015fleyi\u015fi amac\u0131yla al\u0131nd\u0131\u011f\u0131 bildirildi.<br \/>\n<br \/>Konuya ili\u015fkin a\u00e7\u0131klamalarda bulunan Bay\u0131nd\u0131r Belediye Ba\u015fkan\u0131 Davut Sakarsu, haz\u0131rl\u0131k s\u00fcrecinin b\u00fcy\u00fck bir heyecanla y\u00fcr\u00fct\u00fcld\u00fc\u011f\u00fcn\u00fc ancak hava muhalefetinin engel te\u015fkil etti\u011fini belirtti. Ba\u015fkan Sakarsu, a\u00e7\u0131klamas\u0131nda \u015fu ifadelere yer verdi: &#8220;B\u00fcy\u00fck bir emek ve heyecanla haz\u0131rland\u0131\u011f\u0131m\u0131z 5. Bay\u0131nd\u0131r Turan Mahallesi Nergis ve Kuru \u00c7i\u00e7ek Festivali\u2019mizi, ne yaz\u0131k ki b\u00f6lgemizi etkisi alt\u0131na alan yo\u011fun ya\u011f\u0131\u015f ve olumsuz hava \u015fartlar\u0131 nedeniyle iptal etmek zorunda kald\u0131k. Sizlerin, il\u00e7emize gelecek misafirlerimizin ve sahada g\u00f6rev yapan \u00e7al\u0131\u015fma arkada\u015flar\u0131m\u0131z\u0131n g\u00fcvenli\u011fini tehlikeye atmamak ad\u0131na bu karar\u0131 \u00fcz\u00fclerek ald\u0131k.&#8221;<br \/>\n<br \/>Nergisin k\u0131s\u0131tl\u0131 bir zaman diliminde hasat edilen hassas bir \u00fcr\u00fcn oldu\u011funu vurgulayan Sakarsu, haz\u0131rl\u0131k a\u015famas\u0131nda destek veren \u00fcreticilere, esnafa ve belediye personeline te\u015fekk\u00fcr etti. Festivalin iptali il\u00e7ede \u00fcz\u00fcnt\u00fcyle kar\u015f\u0131lan\u0131rken, belediye yetkilileri vatanda\u015flara g\u00f6sterdikleri sa\u011fduyu i\u00e7in te\u015fekk\u00fcrlerini iletti.<br \/><\/p>\n","protected":false},"excerpt":{"rendered":"<p>Bay\u0131nd\u0131r il\u00e7esinde d\u00fczenlenmesi planlanan 5. Turan Mahallesi Nergis ve Kuru \u00c7i\u00e7ek Festivali, b\u00f6lgede etkili olan olumsuz hava \u015fartlar\u0131 nedeniyle iptal edildi. Bay\u0131nd\u0131r\u2019da nergis \u00fcreticilerini ve vatanda\u015flar\u0131 bir araya getirmesi planlanan 5. Bay\u0131nd\u0131r Turan Mahallesi Nergis ve Kuru \u00c7i\u00e7ek Festivali\u2019nin, yo\u011fun ya\u011f\u0131\u015f ve elveri\u015fsiz hava \u015fartlar\u0131 sebebiyle ger\u00e7ekle\u015ftirilemeyece\u011fi a\u00e7\u0131kland\u0131. Karar\u0131n, kat\u0131l\u0131mc\u0131lar\u0131n g\u00fcvenli\u011fi ve organizasyonun sa\u011fl\u0131kl\u0131 i\u015fleyi\u015fi&#8230;<\/p>\n","protected":false},"author":1,"featured_media":84278,"comment_status":"open","ping_status":"open","sticky":false,"template":"","format":"standard","meta":{"_crdt_document":"","footnotes":""},"categories":[1],"tags":[],"class_list":["post-84277","post","type-post","status-publish","format-standard","has-post-thumbnail","hentry","category-guncel"],"_links":{"self":[{"href":"https:\/\/www.egemtv.com\/index.php?rest_route=\/wp\/v2\/posts\/84277","targetHints":{"allow":["GET"]}}],"collection":[{"href":"https:\/\/www.egemtv.com\/index.php?rest_route=\/wp\/v2\/posts"}],"about":[{"href":"https:\/\/www.egemtv.com\/index.php?rest_route=\/wp\/v2\/types\/post"}],"author":[{"embeddable":true,"href":"https:\/\/www.egemtv.com\/index.php?rest_route=\/wp\/v2\/users\/1"}],"replies":[{"embeddable":true,"href":"https:\/\/www.egemtv.com\/index.php?rest_route=%2Fwp%2Fv2%2Fcomments&post=84277"}],"version-history":[{"count":1,"href":"https:\/\/www.egemtv.com\/index.php?rest_route=\/wp\/v2\/posts\/84277\/revisions"}],"predecessor-version":[{"id":84279,"href":"https:\/\/www.egemtv.com\/index.php?rest_route=\/wp\/v2\/posts\/84277\/revisions\/84279"}],"wp:featuredmedia":[{"embeddable":true,"href":"https:\/\/www.egemtv.com\/index.php?rest_route=\/wp\/v2\/media\/84278"}],"wp:attachment":[{"href":"https:\/\/www.egemtv.com\/index.php?rest_route=%2Fwp%2Fv2%2Fmedia&parent=84277"}],"wp:term":[{"taxonomy":"category","embeddable":true,"href":"https:\/\/www.egemtv.com\/index.php?rest_route=%2Fwp%2Fv2%2Fcategories&post=84277"},{"taxonomy":"post_tag","embeddable":true,"href":"https:\/\/www.egemtv.com\/index.php?rest_route=%2Fwp%2Fv2%2Ftags&post=84277"}],"curies":[{"name":"wp","href":"https:\/\/api.w.org\/{rel}","templated":true}]}}