{"id":84274,"date":"2026-01-31T12:14:59","date_gmt":"2026-01-31T09:14:59","guid":{"rendered":"https:\/\/www.egemtv.com\/?p=84274"},"modified":"2026-01-31T12:15:00","modified_gmt":"2026-01-31T09:15:00","slug":"selendili-sut-ureticilerine-sut-tankeri-destegi","status":"publish","type":"post","link":"https:\/\/www.egemtv.com\/?p=84274","title":{"rendered":"Selendili s\u00fct \u00fcreticilerine s\u00fct tankeri deste\u011fi"},"content":{"rendered":"<p>Sanayi ve Teknoloji Bakanl\u0131\u011f\u0131 destekli Sosyal Geli\u015fmeyi Destekleme Program\u0131 (SOGEP) kapsam\u0131nda hayata ge\u00e7irilen &#8220;Beyaz G\u00fc\u00e7 Selendi\u2019nin S\u00fct Yolu&#8221; projesiyle, Selendi\u2019de k\u0131rsalda \u00fcretim yapan 100 kad\u0131n s\u00fct \u00fcreticisine 200 litrelik so\u011fuk s\u00fct tank\u0131 da\u011f\u0131t\u0131lacak.<br \/>\n<br \/>Selendi\u2019de &#8220;Beyaz G\u00fc\u00e7 Selendi\u2019nin S\u00fct Yolu&#8221; ad\u0131yla hayata ge\u00e7irilen proje kapsam\u0131nda, kad\u0131n s\u00fct \u00fcreticilerine y\u00f6nelik \u00f6nemli bir destek sa\u011flanacak. Selendi Kaymakaml\u0131\u011f\u0131n\u0131n katk\u0131lar\u0131, Selendi S\u00fct \u00dcreticileri Birli\u011finin deste\u011fiyle haz\u0131rlanan proje, Sanayi ve Teknoloji Bakanl\u0131\u011f\u0131 Kalk\u0131nma Ajanslar\u0131 2025 Y\u0131l\u0131 Sosyal Geli\u015fmeyi Destekleme Program\u0131 (SOGEP) kapsam\u0131nda Zafer Kalk\u0131nma Ajans\u0131 taraf\u0131ndan desteklenmeye hak kazand\u0131. Manisa genelinde desteklenen 3 projeden biri olan \u00e7al\u0131\u015fma ile Selendi\u2019nin k\u0131rsal mahallelerinde ya\u015fayan, 5 ila 10 sa\u011f\u0131l\u0131r inek varl\u0131\u011f\u0131na sahip ve s\u00fct \u00fcretimi yapan 100 kad\u0131n \u00fcreticiye ki\u015fi ba\u015f\u0131 200 litrelik so\u011fuk s\u00fct tank\u0131 deste\u011fi verilecek. Proje ile hem s\u00fct kalitesinin art\u0131r\u0131lmas\u0131 hem de \u00fcreticilerin gelirlerinin y\u00fckseltilmesi hedefleniyor.<br \/>\n<br \/>Selendi S\u00fct \u00dcreticileri Birli\u011fi Ba\u015fkan\u0131 Muhammet Hadi Dilek, Zafer Kalk\u0131nma Ajans\u0131 Genel Sekreteri Kutlu Eser ile protokol imzalad\u0131klar\u0131n\u0131 belirterek, &#8220;Bu proje ile il\u00e7emiz genelinde gelir getirici faaliyetlerin art\u0131r\u0131lmas\u0131n\u0131 ve k\u0131rsaldan kente g\u00f6\u00e7\u00fcn azalt\u0131lmas\u0131n\u0131 ama\u00e7l\u0131yoruz. Kad\u0131n \u00fcreticilerimizin \u00fcrettikleri s\u00fct\u00fcn de\u011ferinde sat\u0131lmas\u0131n\u0131 sa\u011flayarak, ceplerine daha fazla gelir girmesini hedefliyoruz. 100 kad\u0131n \u00fcreticimize so\u011fuk s\u00fct tank\u0131 deste\u011fi sa\u011flayaca\u011f\u0131z&#8221; dedi.<br \/>\n<br \/>Projenin, kad\u0131n istihdam\u0131na katk\u0131 sunmas\u0131n\u0131n yan\u0131 s\u0131ra Selendi\u2019de k\u0131rsal kalk\u0131nma ve sosyal geli\u015fmeyi destekleyen \u00f6nemli bir ad\u0131m oldu\u011fu ifade edildi.<br \/><\/p>\n","protected":false},"excerpt":{"rendered":"<p>Sanayi ve Teknoloji Bakanl\u0131\u011f\u0131 destekli Sosyal Geli\u015fmeyi Destekleme Program\u0131 (SOGEP) kapsam\u0131nda hayata ge\u00e7irilen &#8220;Beyaz G\u00fc\u00e7 Selendi\u2019nin S\u00fct Yolu&#8221; projesiyle, Selendi\u2019de k\u0131rsalda \u00fcretim yapan 100 kad\u0131n s\u00fct \u00fcreticisine 200 litrelik so\u011fuk s\u00fct tank\u0131 da\u011f\u0131t\u0131lacak. Selendi\u2019de &#8220;Beyaz G\u00fc\u00e7 Selendi\u2019nin S\u00fct Yolu&#8221; ad\u0131yla hayata ge\u00e7irilen proje kapsam\u0131nda, kad\u0131n s\u00fct \u00fcreticilerine y\u00f6nelik \u00f6nemli bir destek sa\u011flanacak. Selendi Kaymakaml\u0131\u011f\u0131n\u0131n katk\u0131lar\u0131,&#8230;<\/p>\n","protected":false},"author":1,"featured_media":84275,"comment_status":"open","ping_status":"open","sticky":false,"template":"","format":"standard","meta":{"_crdt_document":"","footnotes":""},"categories":[125],"tags":[],"class_list":["post-84274","post","type-post","status-publish","format-standard","has-post-thumbnail","hentry","category-ekonomi"],"_links":{"self":[{"href":"https:\/\/www.egemtv.com\/index.php?rest_route=\/wp\/v2\/posts\/84274","targetHints":{"allow":["GET"]}}],"collection":[{"href":"https:\/\/www.egemtv.com\/index.php?rest_route=\/wp\/v2\/posts"}],"about":[{"href":"https:\/\/www.egemtv.com\/index.php?rest_route=\/wp\/v2\/types\/post"}],"author":[{"embeddable":true,"href":"https:\/\/www.egemtv.com\/index.php?rest_route=\/wp\/v2\/users\/1"}],"replies":[{"embeddable":true,"href":"https:\/\/www.egemtv.com\/index.php?rest_route=%2Fwp%2Fv2%2Fcomments&post=84274"}],"version-history":[{"count":1,"href":"https:\/\/www.egemtv.com\/index.php?rest_route=\/wp\/v2\/posts\/84274\/revisions"}],"predecessor-version":[{"id":84276,"href":"https:\/\/www.egemtv.com\/index.php?rest_route=\/wp\/v2\/posts\/84274\/revisions\/84276"}],"wp:featuredmedia":[{"embeddable":true,"href":"https:\/\/www.egemtv.com\/index.php?rest_route=\/wp\/v2\/media\/84275"}],"wp:attachment":[{"href":"https:\/\/www.egemtv.com\/index.php?rest_route=%2Fwp%2Fv2%2Fmedia&parent=84274"}],"wp:term":[{"taxonomy":"category","embeddable":true,"href":"https:\/\/www.egemtv.com\/index.php?rest_route=%2Fwp%2Fv2%2Fcategories&post=84274"},{"taxonomy":"post_tag","embeddable":true,"href":"https:\/\/www.egemtv.com\/index.php?rest_route=%2Fwp%2Fv2%2Ftags&post=84274"}],"curies":[{"name":"wp","href":"https:\/\/api.w.org\/{rel}","templated":true}]}}