{"id":84271,"date":"2026-01-31T12:14:57","date_gmt":"2026-01-31T09:14:57","guid":{"rendered":"https:\/\/www.egemtv.com\/?p=84271"},"modified":"2026-01-31T12:14:59","modified_gmt":"2026-01-31T09:14:59","slug":"esnafin-destegiyle-kuruldu-14-bin-seansa-ulasti","status":"publish","type":"post","link":"https:\/\/www.egemtv.com\/?p=84271","title":{"rendered":"Esnaf\u0131n deste\u011fiyle kuruldu, 14 bin seansa ula\u015ft\u0131"},"content":{"rendered":"<p>Kula Devlet Hastanesi b\u00fcnyesinde, Kula Esnaf ve Sanatk\u00e2rlar Kredi Kefalet Kooperatifi\u2019nin yakla\u015f\u0131k 2 milyon 500 bin TL\u2019lik deste\u011fiyle kurulan Fizik Tedavi ve Rehabilitasyon Servisi, bir y\u0131l i\u00e7inde yakla\u015f\u0131k bin hastaya toplam 14 bin seans hizmet vererek il\u00e7e halk\u0131na \u00f6nemli bir sa\u011fl\u0131k hizmeti sundu.<br \/>\n<br \/>Yakla\u015f\u0131k bir y\u0131l \u00f6nce Kula Devlet Hastanesi\u2019ne atanan Fizik Tedavi ve Rehabilitasyon Uzman\u0131 Dr. Fadime Can Y\u00f6r\u00fcko\u011flu\u2019nun g\u00f6reve ba\u015flamas\u0131yla birlikte, il\u00e7ede uzun s\u00fcredir hissedilen fizik tedavi ihtiyac\u0131n\u0131n kar\u015f\u0131lanmas\u0131 amac\u0131yla \u00e7al\u0131\u015fmalar ba\u015flat\u0131ld\u0131. Hastane y\u00f6netiminin giri\u015fimleri ve Kula Esnaf ve Sanatk\u00e2rlar Kredi Kefalet Kooperatifi\u2019nin katk\u0131lar\u0131yla k\u0131sa s\u00fcrede kurulan servis, Kula halk\u0131n\u0131n hizmetine sunuldu. Fizik Tedavi ve Rehabilitasyon Uzman\u0131 Dr. Fadime Can Y\u00f6r\u00fcko\u011flu, il\u00e7ede \u00f6nemli bir eksikli\u011fi gideren serviste yo\u011fun bir \u00e7al\u0131\u015fma temposuyla hizmet verdiklerini belirterek, &#8220;Ba\u015fhekimli\u011fimizin \u00f6nc\u00fcl\u00fc\u011f\u00fcnde ve Esnaf Kredi Kefalet Kooperatifimizin katk\u0131lar\u0131yla olu\u015fturulan servisimizde, ekip arkada\u015flar\u0131m\u0131zla birlikte hastalar\u0131m\u0131z\u0131n tedavi s\u00fcre\u00e7lerini titizlikle y\u00fcr\u00fct\u00fcyoruz&#8221; dedi.<br \/>\n<br \/>Kula Devlet Hastanesi Ba\u015fhekimi, G\u00f6z Hastal\u0131klar\u0131 Uzman\u0131 Dr. Cansu Sar\u0131g\u00fcl ise yapt\u0131\u011f\u0131 a\u00e7\u0131klamada, &#8220;Hastanemizde ve il\u00e7emizde b\u00fcy\u00fck eksikli\u011fi hissedilen fizik tedavi hizmetini, Uzman Doktorumuz Fadime Han\u0131m\u2019\u0131n hastanemize atanmas\u0131yla hayata ge\u00e7irmek i\u00e7in \u00e7al\u0131\u015fmalara ba\u015flad\u0131k. \u0130l\u00e7emizde yapt\u0131\u011f\u0131m\u0131z g\u00f6r\u00fc\u015fmeler sonucunda, Kula Esnaf ve Sanatk\u00e2rlar Kredi Kefalet Kooperatifi Ba\u015fkan\u0131m\u0131z Ali Yi\u011fen\u2019in, esnaflar ad\u0131na kooperatif olarak verdi\u011fi b\u00fcy\u00fck destekle servisimizi k\u0131sa s\u00fcrede kurduk. Bir y\u0131l i\u00e7erisinde yakla\u015f\u0131k 1000 hastam\u0131za 14 bin seans fizik tedavi hizmeti sunman\u0131n gururunu ya\u015f\u0131yoruz. Kula Devlet Hastanesi olarak vatanda\u015flar\u0131m\u0131za en iyi sa\u011fl\u0131k hizmetini sunmak ad\u0131na \u00e7al\u0131\u015fmalar\u0131m\u0131za kararl\u0131l\u0131kla devam edece\u011fiz&#8221; ifadelerini kulland\u0131.<br \/><\/p>\n","protected":false},"excerpt":{"rendered":"<p>Kula Devlet Hastanesi b\u00fcnyesinde, Kula Esnaf ve Sanatk\u00e2rlar Kredi Kefalet Kooperatifi\u2019nin yakla\u015f\u0131k 2 milyon 500 bin TL\u2019lik deste\u011fiyle kurulan Fizik Tedavi ve Rehabilitasyon Servisi, bir y\u0131l i\u00e7inde yakla\u015f\u0131k bin hastaya toplam 14 bin seans hizmet vererek il\u00e7e halk\u0131na \u00f6nemli bir sa\u011fl\u0131k hizmeti sundu. Yakla\u015f\u0131k bir y\u0131l \u00f6nce Kula Devlet Hastanesi\u2019ne atanan Fizik Tedavi ve Rehabilitasyon&#8230;<\/p>\n","protected":false},"author":1,"featured_media":84272,"comment_status":"open","ping_status":"open","sticky":false,"template":"","format":"standard","meta":{"_crdt_document":"","footnotes":""},"categories":[1],"tags":[],"class_list":["post-84271","post","type-post","status-publish","format-standard","has-post-thumbnail","hentry","category-guncel"],"_links":{"self":[{"href":"https:\/\/www.egemtv.com\/index.php?rest_route=\/wp\/v2\/posts\/84271","targetHints":{"allow":["GET"]}}],"collection":[{"href":"https:\/\/www.egemtv.com\/index.php?rest_route=\/wp\/v2\/posts"}],"about":[{"href":"https:\/\/www.egemtv.com\/index.php?rest_route=\/wp\/v2\/types\/post"}],"author":[{"embeddable":true,"href":"https:\/\/www.egemtv.com\/index.php?rest_route=\/wp\/v2\/users\/1"}],"replies":[{"embeddable":true,"href":"https:\/\/www.egemtv.com\/index.php?rest_route=%2Fwp%2Fv2%2Fcomments&post=84271"}],"version-history":[{"count":1,"href":"https:\/\/www.egemtv.com\/index.php?rest_route=\/wp\/v2\/posts\/84271\/revisions"}],"predecessor-version":[{"id":84273,"href":"https:\/\/www.egemtv.com\/index.php?rest_route=\/wp\/v2\/posts\/84271\/revisions\/84273"}],"wp:featuredmedia":[{"embeddable":true,"href":"https:\/\/www.egemtv.com\/index.php?rest_route=\/wp\/v2\/media\/84272"}],"wp:attachment":[{"href":"https:\/\/www.egemtv.com\/index.php?rest_route=%2Fwp%2Fv2%2Fmedia&parent=84271"}],"wp:term":[{"taxonomy":"category","embeddable":true,"href":"https:\/\/www.egemtv.com\/index.php?rest_route=%2Fwp%2Fv2%2Fcategories&post=84271"},{"taxonomy":"post_tag","embeddable":true,"href":"https:\/\/www.egemtv.com\/index.php?rest_route=%2Fwp%2Fv2%2Ftags&post=84271"}],"curies":[{"name":"wp","href":"https:\/\/api.w.org\/{rel}","templated":true}]}}