{"id":84265,"date":"2026-01-31T12:14:53","date_gmt":"2026-01-31T09:14:53","guid":{"rendered":"https:\/\/www.egemtv.com\/?p=84265"},"modified":"2026-01-31T12:14:54","modified_gmt":"2026-01-31T09:14:54","slug":"dpunun-endonezya-temaslari-yokun-uluslararasilasma-politikasina-sahada-ornek-oldu","status":"publish","type":"post","link":"https:\/\/www.egemtv.com\/?p=84265","title":{"rendered":"DP\u00dc\u2019n\u00fcn Endonezya temaslar\u0131, Y\u00d6K\u2019\u00fcn uluslararas\u0131la\u015fma politikas\u0131na sahada \u00f6rnek oldu"},"content":{"rendered":"<p>K\u00fctahya Dumlup\u0131nar \u00dcniversitesi\u2019nin (DP\u00dc) Endonezya\u2019da ger\u00e7ekle\u015ftirdi\u011fi temaslar, Y\u00fcksek\u00f6\u011fretim Kurulu\u2019nun (Y\u00d6K) son y\u0131llarda y\u00fcr\u00fctt\u00fc\u011f\u00fc uluslararas\u0131la\u015fma politikas\u0131n\u0131n sahadaki somut \u00f6rneklerinden biri olarak de\u011ferlendirildi.<br \/>\n<br \/>DP\u00dc\u2019n\u00fcn Endonezya program\u0131 kapsam\u0131nda, \u00fclkedeki alt\u0131 \u00fcniversite ile akademik i\u015f birli\u011fi ve karde\u015f \u00fcniversite protokolleri imzaland\u0131. Ger\u00e7ekle\u015ftirilen g\u00f6r\u00fc\u015fmelerde, \u00fcniversiteler aras\u0131 akademik de\u011fi\u015fim programlar\u0131, ortak bilimsel projeler ve kurumsal i\u015f birlikleri ele al\u0131nd\u0131.<br \/>\n<br \/>Ziyaret program\u0131na kat\u0131lan DP\u00dc Rekt\u00f6r\u00fc Prof. Dr. S\u00fcleyman K\u0131z\u0131ltoprak, temaslar\u0131n Y\u00d6K\u2019\u00fcn belirledi\u011fi uluslararas\u0131la\u015fma vizyonu do\u011frultusunda y\u00fcr\u00fct\u00fcld\u00fc\u011f\u00fcn\u00fc belirtti.<br \/>\n<br \/>K\u0131z\u0131ltoprak, &#8220;Y\u00d6K\u2019\u00fcn uluslararas\u0131la\u015fma politikas\u0131, \u00fcniversitelerin k\u00fcresel \u00f6l\u00e7ekte daha g\u00f6r\u00fcn\u00fcr ve etkin olmas\u0131n\u0131 hedefliyor. Biz de bu vizyon do\u011frultusunda hareket ediyoruz. Endonezya, gen\u00e7 n\u00fcfusu ve e\u011fitime yakla\u015f\u0131m\u0131yla stratejik bir \u00fclke.&#8221; dedi.<br \/>\n<br \/>Y\u00d6K\u2019\u00fcn \u00f6ncelikleri aras\u0131nda yer alan nitelikli uluslararas\u0131 \u00f6\u011frenci politikas\u0131 kapsam\u0131nda DP\u00dc heyeti, Endonezya\u2019daki \u00f6nde gelen liselerin y\u00f6neticileriyle de bir araya geldi. G\u00f6r\u00fc\u015fmelerde, ba\u015far\u0131l\u0131 \u00f6\u011frencilerin T\u00fcrkiye\u2019de e\u011fitim almalar\u0131n\u0131n te\u015fvik edilmesine y\u00f6nelik de\u011ferlendirmeler yap\u0131ld\u0131.<br \/>\n<br \/>DP\u00dc\u2019de yakla\u015f\u0131k 7 bin uluslararas\u0131 \u00f6\u011frenci ile birlikte 400\u2019\u00fcn \u00fczerinde Endonezyal\u0131 \u00f6\u011frencinin e\u011fitim g\u00f6rd\u00fc\u011f\u00fc, \u00f6\u011frencilerin T\u00fcrk\u00e7e e\u011fitimlerini ise \u00fcniversite b\u00fcnyesindeki T\u00d6MER\u2019de tamamlad\u0131\u011f\u0131 bildirildi.<br \/>\n<br \/>Ziyaret program\u0131 kapsam\u0131nda k\u00fclt\u00fcrel diplomasi faaliyetlerine de yer verildi. DP\u00dc Rekt\u00f6r\u00fc Prof. Dr. S\u00fcleyman K\u0131z\u0131ltoprak taraf\u0131ndan Endonezya\u2019da &#8220;T\u00fcrk \u00c7ini Sanat\u0131&#8221; konulu bir konferans verildi. Konferansta, T\u00fcrk \u00e7ini ve seramik sanat\u0131n\u0131n tarihi ve estetik boyutlar\u0131 ele al\u0131nd\u0131.<br \/>\n<br \/>Etkinli\u011fe Endonezyal\u0131 milletvekilleri, akademisyenler ve T\u00fcrkiye\u2019nin diplomatik temsilcileri kat\u0131ld\u0131. Program sonunda, sanat ve k\u00fclt\u00fcrel miras alanlar\u0131nda ortak \u00e7al\u0131\u015fmalar yap\u0131lmas\u0131 konusunda g\u00f6r\u00fc\u015f birli\u011fine var\u0131ld\u0131.<br \/>\n<br \/>DP\u00dc y\u00f6netimi, Endonezya temaslar\u0131n\u0131n tek seferlik bir ziyaret olmad\u0131\u011f\u0131n\u0131, planl\u0131 ve uzun vadeli bir uluslararas\u0131la\u015fma stratejisinin par\u00e7as\u0131 oldu\u011funu bildirdi.<br \/>\n<br \/>DP\u00dc\u2019n\u00fcn Endonezya\u2019da y\u00fcr\u00fctt\u00fc\u011f\u00fc \u00e7al\u0131\u015fmalar\u0131n, Y\u00d6K\u2019\u00fcn uluslararas\u0131la\u015fma politikas\u0131n\u0131n \u00fcniversiteler d\u00fczeyinde hayata ge\u00e7irildi\u011fini g\u00f6steren \u00f6rnekler aras\u0131nda yer ald\u0131\u011f\u0131 ifade edildi.<br \/><\/p>\n","protected":false},"excerpt":{"rendered":"<p>K\u00fctahya Dumlup\u0131nar \u00dcniversitesi\u2019nin (DP\u00dc) Endonezya\u2019da ger\u00e7ekle\u015ftirdi\u011fi temaslar, Y\u00fcksek\u00f6\u011fretim Kurulu\u2019nun (Y\u00d6K) son y\u0131llarda y\u00fcr\u00fctt\u00fc\u011f\u00fc uluslararas\u0131la\u015fma politikas\u0131n\u0131n sahadaki somut \u00f6rneklerinden biri olarak de\u011ferlendirildi. DP\u00dc\u2019n\u00fcn Endonezya program\u0131 kapsam\u0131nda, \u00fclkedeki alt\u0131 \u00fcniversite ile akademik i\u015f birli\u011fi ve karde\u015f \u00fcniversite protokolleri imzaland\u0131. Ger\u00e7ekle\u015ftirilen g\u00f6r\u00fc\u015fmelerde, \u00fcniversiteler aras\u0131 akademik de\u011fi\u015fim programlar\u0131, ortak bilimsel projeler ve kurumsal i\u015f birlikleri ele al\u0131nd\u0131. Ziyaret program\u0131na&#8230;<\/p>\n","protected":false},"author":1,"featured_media":84266,"comment_status":"open","ping_status":"open","sticky":false,"template":"","format":"standard","meta":{"_crdt_document":"","footnotes":""},"categories":[1],"tags":[],"class_list":["post-84265","post","type-post","status-publish","format-standard","has-post-thumbnail","hentry","category-guncel"],"_links":{"self":[{"href":"https:\/\/www.egemtv.com\/index.php?rest_route=\/wp\/v2\/posts\/84265","targetHints":{"allow":["GET"]}}],"collection":[{"href":"https:\/\/www.egemtv.com\/index.php?rest_route=\/wp\/v2\/posts"}],"about":[{"href":"https:\/\/www.egemtv.com\/index.php?rest_route=\/wp\/v2\/types\/post"}],"author":[{"embeddable":true,"href":"https:\/\/www.egemtv.com\/index.php?rest_route=\/wp\/v2\/users\/1"}],"replies":[{"embeddable":true,"href":"https:\/\/www.egemtv.com\/index.php?rest_route=%2Fwp%2Fv2%2Fcomments&post=84265"}],"version-history":[{"count":1,"href":"https:\/\/www.egemtv.com\/index.php?rest_route=\/wp\/v2\/posts\/84265\/revisions"}],"predecessor-version":[{"id":84267,"href":"https:\/\/www.egemtv.com\/index.php?rest_route=\/wp\/v2\/posts\/84265\/revisions\/84267"}],"wp:featuredmedia":[{"embeddable":true,"href":"https:\/\/www.egemtv.com\/index.php?rest_route=\/wp\/v2\/media\/84266"}],"wp:attachment":[{"href":"https:\/\/www.egemtv.com\/index.php?rest_route=%2Fwp%2Fv2%2Fmedia&parent=84265"}],"wp:term":[{"taxonomy":"category","embeddable":true,"href":"https:\/\/www.egemtv.com\/index.php?rest_route=%2Fwp%2Fv2%2Fcategories&post=84265"},{"taxonomy":"post_tag","embeddable":true,"href":"https:\/\/www.egemtv.com\/index.php?rest_route=%2Fwp%2Fv2%2Ftags&post=84265"}],"curies":[{"name":"wp","href":"https:\/\/api.w.org\/{rel}","templated":true}]}}