{"id":84262,"date":"2026-01-31T12:14:52","date_gmt":"2026-01-31T09:14:52","guid":{"rendered":"https:\/\/www.egemtv.com\/?p=84262"},"modified":"2026-01-31T12:14:53","modified_gmt":"2026-01-31T09:14:53","slug":"erenbagi-mahallesinde-sorunlar-yerinde-tespit-edildi","status":"publish","type":"post","link":"https:\/\/www.egemtv.com\/?p=84262","title":{"rendered":"Erenba\u011f\u0131 Mahallesi\u2019nde sorunlar yerinde tespit edildi"},"content":{"rendered":"<p>Manisa B\u00fcy\u00fck\u015fehir Belediyesi Kula \u0130l\u00e7e Koordinat\u00f6rl\u00fc\u011f\u00fc, il\u00e7enin mahallelerinde y\u00fcr\u00fct\u00fclen hizmet \u00e7al\u0131\u015fmalar\u0131n\u0131 yerinde incelemeye devam ediyor. Bu kapsamda Kula \u0130l\u00e7e Koordinat\u00f6r\u00fc Adem Yard\u0131mc\u0131, MASK\u0130 Kula \u0130l\u00e7e \u015eefi Tu\u011fba Ural ile birlikte Erenba\u011f\u0131 Mahallesi\u2019nde saha incelemelerinde bulundu.<br \/>\n<br \/>Mahallede yap\u0131lan incelemelerde, \u00f6zellikle altyap\u0131, i\u00e7me suyu, kanalizasyon, yol ve \u00e7evre d\u00fczenlemeleri gibi konularda muhtarlar\u0131n iletti\u011fi talepler de\u011ferlendirilirken, vatanda\u015flardan gelen \u00f6neri ve \u015fik\u00e2yetler de yerinde dinlendi. Erenba\u011f\u0131 Mahallesi\u2019nde ger\u00e7ekle\u015ftirilen ziyaretin, hem mevcut sorunlar\u0131n tespiti hem de \u00e7\u00f6z\u00fcm planlar\u0131n\u0131n h\u0131zland\u0131r\u0131lmas\u0131 a\u00e7\u0131s\u0131ndan \u00f6nemli oldu\u011fu vurguland\u0131.<br \/>\n<br \/>Ziyaret s\u0131ras\u0131nda mahalle muhtarlar\u0131yla da g\u00f6r\u00fc\u015fen heyet, mahallelerin ihtiya\u00e7lar\u0131n\u0131 do\u011frudan sahada inceleyerek, yap\u0131labilecek \u00e7al\u0131\u015fmalar hakk\u0131nda fikir al\u0131\u015fveri\u015finde bulundu. Yap\u0131lan de\u011ferlendirmeler sonucunda, \u00f6ncelikli ihtiya\u00e7lar belirlenerek ilgili birimlere iletilmek \u00fczere not al\u0131nd\u0131. \u0130ncelemeler sonras\u0131 a\u00e7\u0131klamalarda bulunan Manisa B\u00fcy\u00fck\u015fehir Belediyesi Kula \u0130l\u00e7e Koordinat\u00f6r\u00fc Adem Yard\u0131mc\u0131, B\u00fcy\u00fck\u015fehir Belediyesi\u2019nin Kula\u2019n\u0131n her mahallesine e\u015fit hizmet g\u00f6t\u00fcrme hedefiyle \u00e7al\u0131\u015fmalar\u0131n\u0131 s\u00fcrd\u00fcrd\u00fc\u011f\u00fcn\u00fc belirterek \u015fu ifadeleri kulland\u0131: &#8220;Manisa B\u00fcy\u00fck\u015fehir Belediyesi Kula \u0130l\u00e7e Koordinat\u00f6rl\u00fc\u011f\u00fc olarak Erenba\u011f\u0131 Mahallemizde, MASK\u0130 \u0130l\u00e7e \u015eefimiz Tu\u011fba Ural ile birlikte incelemelerde bulunduk. Mahalle muhtarlar\u0131m\u0131z\u0131n bizlere iletti\u011fi sorunlar\u0131 yerinde g\u00f6rmeye, tespit etmeye ve \u00e7\u00f6z\u00fcm noktas\u0131nda gerekli ad\u0131mlar\u0131 h\u0131zland\u0131rmaya devam ediyoruz. Ayr\u0131ca Manisa B\u00fcy\u00fck\u015fehir Belediye Ba\u015fkan\u0131m\u0131z Besim Dutlulu\u2019nun selamlar\u0131n\u0131 da vatanda\u015flar\u0131m\u0131za ilettik. Hizmetlerimizi il\u00e7emizin her noktas\u0131na ula\u015ft\u0131rmak i\u00e7in sahaday\u0131z&#8221;<br \/><\/p>\n","protected":false},"excerpt":{"rendered":"<p>Manisa B\u00fcy\u00fck\u015fehir Belediyesi Kula \u0130l\u00e7e Koordinat\u00f6rl\u00fc\u011f\u00fc, il\u00e7enin mahallelerinde y\u00fcr\u00fct\u00fclen hizmet \u00e7al\u0131\u015fmalar\u0131n\u0131 yerinde incelemeye devam ediyor. Bu kapsamda Kula \u0130l\u00e7e Koordinat\u00f6r\u00fc Adem Yard\u0131mc\u0131, MASK\u0130 Kula \u0130l\u00e7e \u015eefi Tu\u011fba Ural ile birlikte Erenba\u011f\u0131 Mahallesi\u2019nde saha incelemelerinde bulundu. Mahallede yap\u0131lan incelemelerde, \u00f6zellikle altyap\u0131, i\u00e7me suyu, kanalizasyon, yol ve \u00e7evre d\u00fczenlemeleri gibi konularda muhtarlar\u0131n iletti\u011fi talepler de\u011ferlendirilirken, vatanda\u015flardan gelen&#8230;<\/p>\n","protected":false},"author":1,"featured_media":84263,"comment_status":"open","ping_status":"open","sticky":false,"template":"","format":"standard","meta":{"_crdt_document":"","footnotes":""},"categories":[1],"tags":[],"class_list":["post-84262","post","type-post","status-publish","format-standard","has-post-thumbnail","hentry","category-guncel"],"_links":{"self":[{"href":"https:\/\/www.egemtv.com\/index.php?rest_route=\/wp\/v2\/posts\/84262","targetHints":{"allow":["GET"]}}],"collection":[{"href":"https:\/\/www.egemtv.com\/index.php?rest_route=\/wp\/v2\/posts"}],"about":[{"href":"https:\/\/www.egemtv.com\/index.php?rest_route=\/wp\/v2\/types\/post"}],"author":[{"embeddable":true,"href":"https:\/\/www.egemtv.com\/index.php?rest_route=\/wp\/v2\/users\/1"}],"replies":[{"embeddable":true,"href":"https:\/\/www.egemtv.com\/index.php?rest_route=%2Fwp%2Fv2%2Fcomments&post=84262"}],"version-history":[{"count":1,"href":"https:\/\/www.egemtv.com\/index.php?rest_route=\/wp\/v2\/posts\/84262\/revisions"}],"predecessor-version":[{"id":84264,"href":"https:\/\/www.egemtv.com\/index.php?rest_route=\/wp\/v2\/posts\/84262\/revisions\/84264"}],"wp:featuredmedia":[{"embeddable":true,"href":"https:\/\/www.egemtv.com\/index.php?rest_route=\/wp\/v2\/media\/84263"}],"wp:attachment":[{"href":"https:\/\/www.egemtv.com\/index.php?rest_route=%2Fwp%2Fv2%2Fmedia&parent=84262"}],"wp:term":[{"taxonomy":"category","embeddable":true,"href":"https:\/\/www.egemtv.com\/index.php?rest_route=%2Fwp%2Fv2%2Fcategories&post=84262"},{"taxonomy":"post_tag","embeddable":true,"href":"https:\/\/www.egemtv.com\/index.php?rest_route=%2Fwp%2Fv2%2Ftags&post=84262"}],"curies":[{"name":"wp","href":"https:\/\/api.w.org\/{rel}","templated":true}]}}