{"id":84259,"date":"2026-01-31T12:14:50","date_gmt":"2026-01-31T09:14:50","guid":{"rendered":"https:\/\/www.egemtv.com\/?p=84259"},"modified":"2026-01-31T12:14:52","modified_gmt":"2026-01-31T09:14:52","slug":"incirliovada-saganak-yagis-hayati-olumsuz-etkiledi","status":"publish","type":"post","link":"https:\/\/www.egemtv.com\/?p=84259","title":{"rendered":"\u0130ncirliova\u2019da sa\u011fanak ya\u011f\u0131\u015f hayat\u0131 olumsuz etkiledi"},"content":{"rendered":"<p>Ayd\u0131n\u2019\u0131n \u0130ncirliova il\u00e7esinde etkili olan sa\u011fanak ya\u011f\u0131\u015f, g\u00fcnl\u00fck ya\u015fam\u0131 olumsuz etkiledi. K\u0131sa s\u00fcrede \u015fiddetini art\u0131ran ya\u011f\u0131\u015f nedeniyle il\u00e7e genelinde cadde ve sokaklar adeta g\u00f6le d\u00f6nd\u00fc.<\/p>\n<p>Ya\u011f\u0131\u015fla birlikte bir\u00e7ok noktada su birikintileri olu\u015furken, s\u00fcr\u00fcc\u00fcler trafikte ilerlemekte g\u00fc\u00e7l\u00fck \u00e7ekti. Yayalar ise suyla kaplanan yollarda zor anlar ya\u015fad\u0131. Sand\u0131kl\u0131 Mahallesi\u2019nde baz\u0131 tar\u0131m arazileri su alt\u0131nda kal\u0131rken, tarlalarda maddi zarar olu\u015ftu\u011fu \u00f6\u011frenildi. Olumsuzluklar\u0131n artmas\u0131 \u00fczerine \u0130ncirliova Belediyesi ekipleri teyakkuza ge\u00e7ti. Yetkililer, ya\u011f\u0131\u015flar\u0131n aral\u0131klarla devam edebilece\u011fi uyar\u0131s\u0131nda bulunarak vatanda\u015flardan dikkatli olmalar\u0131n\u0131 istedi. \u00d6zellikle su bask\u0131n\u0131 riski bulunan b\u00f6lgelerde ya\u015fayan vatanda\u015flar\u0131n tedbirli olmas\u0131 gerekti\u011fi vurguland\u0131.<br \/><\/p>\n","protected":false},"excerpt":{"rendered":"<p>Ayd\u0131n\u2019\u0131n \u0130ncirliova il\u00e7esinde etkili olan sa\u011fanak ya\u011f\u0131\u015f, g\u00fcnl\u00fck ya\u015fam\u0131 olumsuz etkiledi. K\u0131sa s\u00fcrede \u015fiddetini art\u0131ran ya\u011f\u0131\u015f nedeniyle il\u00e7e genelinde cadde ve sokaklar adeta g\u00f6le d\u00f6nd\u00fc. Ya\u011f\u0131\u015fla birlikte bir\u00e7ok noktada su birikintileri olu\u015furken, s\u00fcr\u00fcc\u00fcler trafikte ilerlemekte g\u00fc\u00e7l\u00fck \u00e7ekti. Yayalar ise suyla kaplanan yollarda zor anlar ya\u015fad\u0131. Sand\u0131kl\u0131 Mahallesi\u2019nde baz\u0131 tar\u0131m arazileri su alt\u0131nda kal\u0131rken, tarlalarda maddi&#8230;<\/p>\n","protected":false},"author":1,"featured_media":84260,"comment_status":"open","ping_status":"open","sticky":false,"template":"","format":"standard","meta":{"_crdt_document":"","footnotes":""},"categories":[1],"tags":[],"class_list":["post-84259","post","type-post","status-publish","format-standard","has-post-thumbnail","hentry","category-guncel"],"_links":{"self":[{"href":"https:\/\/www.egemtv.com\/index.php?rest_route=\/wp\/v2\/posts\/84259","targetHints":{"allow":["GET"]}}],"collection":[{"href":"https:\/\/www.egemtv.com\/index.php?rest_route=\/wp\/v2\/posts"}],"about":[{"href":"https:\/\/www.egemtv.com\/index.php?rest_route=\/wp\/v2\/types\/post"}],"author":[{"embeddable":true,"href":"https:\/\/www.egemtv.com\/index.php?rest_route=\/wp\/v2\/users\/1"}],"replies":[{"embeddable":true,"href":"https:\/\/www.egemtv.com\/index.php?rest_route=%2Fwp%2Fv2%2Fcomments&post=84259"}],"version-history":[{"count":1,"href":"https:\/\/www.egemtv.com\/index.php?rest_route=\/wp\/v2\/posts\/84259\/revisions"}],"predecessor-version":[{"id":84261,"href":"https:\/\/www.egemtv.com\/index.php?rest_route=\/wp\/v2\/posts\/84259\/revisions\/84261"}],"wp:featuredmedia":[{"embeddable":true,"href":"https:\/\/www.egemtv.com\/index.php?rest_route=\/wp\/v2\/media\/84260"}],"wp:attachment":[{"href":"https:\/\/www.egemtv.com\/index.php?rest_route=%2Fwp%2Fv2%2Fmedia&parent=84259"}],"wp:term":[{"taxonomy":"category","embeddable":true,"href":"https:\/\/www.egemtv.com\/index.php?rest_route=%2Fwp%2Fv2%2Fcategories&post=84259"},{"taxonomy":"post_tag","embeddable":true,"href":"https:\/\/www.egemtv.com\/index.php?rest_route=%2Fwp%2Fv2%2Ftags&post=84259"}],"curies":[{"name":"wp","href":"https:\/\/api.w.org\/{rel}","templated":true}]}}