{"id":84253,"date":"2026-01-31T12:14:48","date_gmt":"2026-01-31T09:14:48","guid":{"rendered":"https:\/\/www.egemtv.com\/?p=84253"},"modified":"2026-01-31T12:14:49","modified_gmt":"2026-01-31T09:14:49","slug":"alasehirde-yatirimlar-hiz-kesmeden-devam-ediyor","status":"publish","type":"post","link":"https:\/\/www.egemtv.com\/?p=84253","title":{"rendered":"Ala\u015fehir\u2019de yat\u0131r\u0131mlar h\u0131z kesmeden devam ediyor"},"content":{"rendered":"<p>Ala\u015fehir\u2019de Adliye Saray\u0131 ihalesi 2 \u015eubat\u2019ta yap\u0131lacak, Polis Merkezi Karakolu ise 2026 yat\u0131r\u0131m program\u0131na al\u0131nd\u0131.<br \/>\n<br \/>Manisa\u2019n\u0131n Ala\u015fehir il\u00e7esine y\u00f6nelik yat\u0131r\u0131mlar h\u0131z kesmeden devam ediyor. Ge\u00e7ti\u011fimiz y\u0131l yat\u0131r\u0131m program\u0131na al\u0131nan Adliye Saray\u0131\u2019n\u0131n ard\u0131ndan, Ala\u015fehir \u0130l\u00e7e Emniyet M\u00fcd\u00fcrl\u00fc\u011f\u00fc Polis Merkezi Karakolu binas\u0131 da 2026 y\u0131l\u0131 yat\u0131r\u0131m program\u0131na dahil edildi. Ala\u015fehir\u2019e yap\u0131lacak Adliye Saray\u0131\u2019n\u0131n ihalesi 2 \u015eubat 2026 tarihinde ger\u00e7ekle\u015ftirilecek. Kurtulu\u015f Mahallesi S\u00fcleyman Demirel Bulvar\u0131 \u00fczerinde, eski otogar alan\u0131 olarak bilinen yakla\u015f\u0131k 10 bin metrekarelik arazi \u00fczerine in\u015fa edilecek adliye binas\u0131n\u0131n, bodrum katla birlikte 6 katl\u0131 olaca\u011f\u0131 ve 550 g\u00fcnde tamamlanaca\u011f\u0131 \u00f6\u011frenildi.<br \/>\n<br \/>2026 y\u0131l\u0131 yat\u0131r\u0131m program\u0131na al\u0131nan Polis Merkezi Karakolu binas\u0131n\u0131n ise Bar\u0131\u015f Mahallesi \u00e7evre yolu \u00fczerinde, B\u00f6lge Trafik M\u00fcd\u00fcrl\u00fc\u011f\u00fc binas\u0131 yan\u0131nda bulunan 10 bin metrekarelik alanda, 600 metrekare arsa \u00fczerine in\u015fa edilece\u011fi belirtildi.<br \/>\n<br \/>AK Parti Ala\u015fehir \u0130l\u00e7e Ba\u015fkan\u0131 Fedayi Kozan, h\u00fck\u00fcmetin Ala\u015fehir\u2019e yapt\u0131\u011f\u0131 yat\u0131r\u0131mlar\u0131n kendilerini memnun etti\u011fini belirterek, &#8220;2 \u015eubat 2026\u2019da ihalesi yap\u0131lacak modern Adliye Saray\u0131m\u0131z 550 g\u00fcnde tamamlanacak. Yeni Polis Merkezi Karakolu binam\u0131z\u0131n da yat\u0131r\u0131m program\u0131na al\u0131nmas\u0131 bizleri ayr\u0131ca mutlu etti. Ba\u015fta b\u00f6lge milletvekillerimiz olmak \u00fczere eme\u011fi ge\u00e7en herkese te\u015fekk\u00fcr ediyoruz. Yat\u0131r\u0131mlar\u0131m\u0131z devam edecek&#8221; dedi.<br \/>\n<br \/>Ala\u015fehir Kaymakam\u0131 Alper Faruk G\u00fcng\u00f6r ise, il\u00e7enin ihtiya\u00e7 duydu\u011fu Adliye Saray\u0131\u2019n\u0131n yap\u0131lacak olmas\u0131n\u0131n ve Polis Merkezi Karakolu\u2019nun yat\u0131r\u0131m program\u0131na al\u0131nmas\u0131n\u0131n vatanda\u015flar taraf\u0131ndan memnuniyetle kar\u015f\u0131land\u0131\u011f\u0131n\u0131 ifade ederek, eme\u011fi ge\u00e7enlere te\u015fekk\u00fcr etti.<br \/><\/p>\n","protected":false},"excerpt":{"rendered":"<p>Ala\u015fehir\u2019de Adliye Saray\u0131 ihalesi 2 \u015eubat\u2019ta yap\u0131lacak, Polis Merkezi Karakolu ise 2026 yat\u0131r\u0131m program\u0131na al\u0131nd\u0131. Manisa\u2019n\u0131n Ala\u015fehir il\u00e7esine y\u00f6nelik yat\u0131r\u0131mlar h\u0131z kesmeden devam ediyor. Ge\u00e7ti\u011fimiz y\u0131l yat\u0131r\u0131m program\u0131na al\u0131nan Adliye Saray\u0131\u2019n\u0131n ard\u0131ndan, Ala\u015fehir \u0130l\u00e7e Emniyet M\u00fcd\u00fcrl\u00fc\u011f\u00fc Polis Merkezi Karakolu binas\u0131 da 2026 y\u0131l\u0131 yat\u0131r\u0131m program\u0131na dahil edildi. Ala\u015fehir\u2019e yap\u0131lacak Adliye Saray\u0131\u2019n\u0131n ihalesi 2 \u015eubat 2026&#8230;<\/p>\n","protected":false},"author":1,"featured_media":84254,"comment_status":"open","ping_status":"open","sticky":false,"template":"","format":"standard","meta":{"_crdt_document":"","footnotes":""},"categories":[1],"tags":[],"class_list":["post-84253","post","type-post","status-publish","format-standard","has-post-thumbnail","hentry","category-guncel"],"_links":{"self":[{"href":"https:\/\/www.egemtv.com\/index.php?rest_route=\/wp\/v2\/posts\/84253","targetHints":{"allow":["GET"]}}],"collection":[{"href":"https:\/\/www.egemtv.com\/index.php?rest_route=\/wp\/v2\/posts"}],"about":[{"href":"https:\/\/www.egemtv.com\/index.php?rest_route=\/wp\/v2\/types\/post"}],"author":[{"embeddable":true,"href":"https:\/\/www.egemtv.com\/index.php?rest_route=\/wp\/v2\/users\/1"}],"replies":[{"embeddable":true,"href":"https:\/\/www.egemtv.com\/index.php?rest_route=%2Fwp%2Fv2%2Fcomments&post=84253"}],"version-history":[{"count":1,"href":"https:\/\/www.egemtv.com\/index.php?rest_route=\/wp\/v2\/posts\/84253\/revisions"}],"predecessor-version":[{"id":84255,"href":"https:\/\/www.egemtv.com\/index.php?rest_route=\/wp\/v2\/posts\/84253\/revisions\/84255"}],"wp:featuredmedia":[{"embeddable":true,"href":"https:\/\/www.egemtv.com\/index.php?rest_route=\/wp\/v2\/media\/84254"}],"wp:attachment":[{"href":"https:\/\/www.egemtv.com\/index.php?rest_route=%2Fwp%2Fv2%2Fmedia&parent=84253"}],"wp:term":[{"taxonomy":"category","embeddable":true,"href":"https:\/\/www.egemtv.com\/index.php?rest_route=%2Fwp%2Fv2%2Fcategories&post=84253"},{"taxonomy":"post_tag","embeddable":true,"href":"https:\/\/www.egemtv.com\/index.php?rest_route=%2Fwp%2Fv2%2Ftags&post=84253"}],"curies":[{"name":"wp","href":"https:\/\/api.w.org\/{rel}","templated":true}]}}