{"id":84250,"date":"2026-01-31T11:54:51","date_gmt":"2026-01-31T08:54:51","guid":{"rendered":"https:\/\/www.egemtv.com\/?p=84250"},"modified":"2026-01-31T11:54:52","modified_gmt":"2026-01-31T08:54:52","slug":"bodrum-turizm-platformu-olusturuldu","status":"publish","type":"post","link":"https:\/\/www.egemtv.com\/?p=84250","title":{"rendered":"Bodrum Turizm Platformu olu\u015fturuldu"},"content":{"rendered":"<p>Mu\u011fla\u2019n\u0131n Bodrum il\u00e7esinde Kaymakam Ali S\u0131rmal\u0131 ba\u015fkanl\u0131\u011f\u0131nda ger\u00e7ekle\u015ftirilen toplant\u0131yla Bodrum Turizm Platformu olu\u015fturuldu.<\/p>\n<p>Toplant\u0131ya Bodrum Belediye Ba\u015fkan\u0131 Tamer Mandalinci ba\u015fta olmak \u00fczere bir \u00e7ok sivil toplum kurulu\u015fu temsilcisi kat\u0131ld\u0131. Toplant\u0131da, t\u00fcm kat\u0131l\u0131mc\u0131lar Bodrum turizmine katk\u0131 sa\u011flayacak g\u00f6r\u00fc\u015f ve \u00f6nerilerini dile getirdi. Bodrum\u2019un marka de\u011ferinin korunmas\u0131 ve 2026 turizm sezonuna daha g\u00fc\u00e7l\u00fc bir haz\u0131rl\u0131k yap\u0131lmas\u0131 konusunda ortak g\u00f6r\u00fc\u015f birli\u011fi sa\u011fland\u0131.<br \/>\n<br \/>Bodrum Turizm Platformu kapsam\u0131nda bu toplant\u0131lar\u0131n sezon \u00f6ncesi d\u00f6nemde 15 g\u00fcnde bir d\u00fczenli olarak yap\u0131laca\u011f\u0131 ve kamu, yerel y\u00f6netimler ve sekt\u00f6r payda\u015flar\u0131 aras\u0131ndaki i\u015f birli\u011finin s\u00fcreklilik kazanaca\u011f\u0131 ifade edildi.<br \/><\/p>\n","protected":false},"excerpt":{"rendered":"<p>Mu\u011fla\u2019n\u0131n Bodrum il\u00e7esinde Kaymakam Ali S\u0131rmal\u0131 ba\u015fkanl\u0131\u011f\u0131nda ger\u00e7ekle\u015ftirilen toplant\u0131yla Bodrum Turizm Platformu olu\u015fturuldu. Toplant\u0131ya Bodrum Belediye Ba\u015fkan\u0131 Tamer Mandalinci ba\u015fta olmak \u00fczere bir \u00e7ok sivil toplum kurulu\u015fu temsilcisi kat\u0131ld\u0131. Toplant\u0131da, t\u00fcm kat\u0131l\u0131mc\u0131lar Bodrum turizmine katk\u0131 sa\u011flayacak g\u00f6r\u00fc\u015f ve \u00f6nerilerini dile getirdi. Bodrum\u2019un marka de\u011ferinin korunmas\u0131 ve 2026 turizm sezonuna daha g\u00fc\u00e7l\u00fc bir haz\u0131rl\u0131k yap\u0131lmas\u0131 konusunda&#8230;<\/p>\n","protected":false},"author":1,"featured_media":84251,"comment_status":"open","ping_status":"open","sticky":false,"template":"","format":"standard","meta":{"_crdt_document":"","footnotes":""},"categories":[1],"tags":[],"class_list":["post-84250","post","type-post","status-publish","format-standard","has-post-thumbnail","hentry","category-guncel"],"_links":{"self":[{"href":"https:\/\/www.egemtv.com\/index.php?rest_route=\/wp\/v2\/posts\/84250","targetHints":{"allow":["GET"]}}],"collection":[{"href":"https:\/\/www.egemtv.com\/index.php?rest_route=\/wp\/v2\/posts"}],"about":[{"href":"https:\/\/www.egemtv.com\/index.php?rest_route=\/wp\/v2\/types\/post"}],"author":[{"embeddable":true,"href":"https:\/\/www.egemtv.com\/index.php?rest_route=\/wp\/v2\/users\/1"}],"replies":[{"embeddable":true,"href":"https:\/\/www.egemtv.com\/index.php?rest_route=%2Fwp%2Fv2%2Fcomments&post=84250"}],"version-history":[{"count":1,"href":"https:\/\/www.egemtv.com\/index.php?rest_route=\/wp\/v2\/posts\/84250\/revisions"}],"predecessor-version":[{"id":84252,"href":"https:\/\/www.egemtv.com\/index.php?rest_route=\/wp\/v2\/posts\/84250\/revisions\/84252"}],"wp:featuredmedia":[{"embeddable":true,"href":"https:\/\/www.egemtv.com\/index.php?rest_route=\/wp\/v2\/media\/84251"}],"wp:attachment":[{"href":"https:\/\/www.egemtv.com\/index.php?rest_route=%2Fwp%2Fv2%2Fmedia&parent=84250"}],"wp:term":[{"taxonomy":"category","embeddable":true,"href":"https:\/\/www.egemtv.com\/index.php?rest_route=%2Fwp%2Fv2%2Fcategories&post=84250"},{"taxonomy":"post_tag","embeddable":true,"href":"https:\/\/www.egemtv.com\/index.php?rest_route=%2Fwp%2Fv2%2Ftags&post=84250"}],"curies":[{"name":"wp","href":"https:\/\/api.w.org\/{rel}","templated":true}]}}