{"id":84247,"date":"2026-01-31T11:54:48","date_gmt":"2026-01-31T08:54:48","guid":{"rendered":"https:\/\/www.egemtv.com\/?p=84247"},"modified":"2026-01-31T11:54:51","modified_gmt":"2026-01-31T08:54:51","slug":"ayesob-baskani-kunkcuden-aydin-esnafina-uyari","status":"publish","type":"post","link":"https:\/\/www.egemtv.com\/?p=84247","title":{"rendered":"AYESOB Ba\u015fkan\u0131 K\u00fcnkc\u00fc\u2019den Ayd\u0131n esnaf\u0131na uyar\u0131"},"content":{"rendered":"<p>Ayd\u0131n Esnaf ve Sanatkarlar Odalar\u0131 Birli\u011fi (AYESOB) Ba\u015fkan\u0131 Muhammet Ali K\u00fcnkc\u00fc, \u00f6l\u00e7\u00fc ve tart\u0131 aletleri kullanan esnaf ve sanatkarlar\u0131 uyararak, 2024 y\u0131l\u0131nda muayenesi yap\u0131lan cihazlar i\u00e7in en ge\u00e7 2 Mart 2026 tarihine kadar yetkili muayene servislerine beyanname verilmesi gerekti\u011fini hat\u0131rlatt\u0131.<\/p>\n<p>3516 say\u0131l\u0131 \u00d6l\u00e7\u00fcler ve Ayar Kanunu kapsam\u0131nda, ticarette kullan\u0131lan \u00f6l\u00e7\u00fc ve tart\u0131 aletlerinin iki y\u0131lda bir muayene edilmesi ve damgalanmas\u0131n\u0131n yasal zorunluluk oldu\u011funu belirten K\u00fcnkc\u00fc, s\u00fcresi i\u00e7erisinde muayenesi yapt\u0131r\u0131lmayan cihazlar i\u00e7in idari para cezas\u0131 uygulanaca\u011f\u0131n\u0131 ve \u00f6l\u00e7\u00fc aletlerine el konulabilece\u011fini vurgulad\u0131.<\/p>\n<p>Periyodik muayeneye tabi olan \u00f6l\u00e7\u00fc ve tart\u0131 aletlerinin, cins ve kullan\u0131m alanlar\u0131na g\u00f6re T\u00fcrk Standartlar\u0131 Enstit\u00fcs\u00fc (TSE), belediyelerin \u00d6l\u00e7\u00fcler ve Ayar Memurluklar\u0131 ile yetkili muayene servisleri taraf\u0131ndan kontrol edildi\u011fini ifade eden K\u00fcnkc\u00fc, esnaf\u0131n ba\u015fvurular\u0131n\u0131 do\u011fru ve yetkili mercilere yapmas\u0131n\u0131n \u00f6nemine dikkat \u00e7ekti.<\/p>\n<p>AYESOB Ba\u015fkan\u0131 K\u00fcnkc\u00fc, esnaf\u0131n herhangi bir ma\u011fduriyet ya\u015famamas\u0131 ve cezai yapt\u0131r\u0131mlarla kar\u015f\u0131la\u015fmamas\u0131 i\u00e7in 2026 y\u0131l\u0131 \u015eubat ay\u0131 sonuna kadar periyodik muayene ba\u015fvurular\u0131n\u0131n mutlaka tamamlanmas\u0131 gerekti\u011fini vurgulayarak \u015fu ifadeleri kulland\u0131:<br \/>\n<br \/>&#8220;\u00d6l\u00e7\u00fc ve tart\u0131da g\u00fcven, ticaretin temel unsurudur. Bu konu yaln\u0131zca bir yasal zorunluluk de\u011fil, ayn\u0131 zamanda esnaf\u0131m\u0131z\u0131n eme\u011finin korunmas\u0131 ve vatanda\u015flar\u0131m\u0131z\u0131n do\u011fru, adil al\u0131\u015fveri\u015f yapabilmesi a\u00e7\u0131s\u0131ndan da b\u00fcy\u00fck \u00f6nem ta\u015f\u0131maktad\u0131r. S\u00fcresi dolmu\u015f \u00f6l\u00e7\u00fc ve tart\u0131 aletlerinin kullan\u0131lmas\u0131 hem esnaf\u0131m\u0131z\u0131 zor durumda b\u0131rakmakta hem de t\u00fcketici g\u00fcvenini zedelemektedir.&#8221;<\/p>\n<p>K\u00fcnkc\u00fc, s\u00fcresi ge\u00e7mi\u015f \u00f6l\u00e7\u00fc ve tart\u0131 aletlerini kullananlar hakk\u0131nda 3516 say\u0131l\u0131 Kanun\u2019un 15\/c maddesi kapsam\u0131nda i\u015flem yap\u0131laca\u011f\u0131n\u0131 bir kez daha hat\u0131rlatarak, &#8220;Esnaf ve sanatk\u00e2rlar\u0131m\u0131z\u0131n cezai yapt\u0131r\u0131mlarla kar\u015f\u0131 kar\u015f\u0131ya kalmamalar\u0131 i\u00e7in ba\u015fvurular\u0131n\u0131 zaman\u0131nda ve yetkili mercilere yapmalar\u0131n\u0131 \u00f6zellikle rica ediyorum. AYESOB olarak bu s\u00fcre\u00e7te esnaf\u0131m\u0131z\u0131n yan\u0131nday\u0131z&#8221; diyerek t\u00fcm esnaf ve sanatkarlara \u00e7a\u011fr\u0131da bulundu.<br \/><\/p>\n","protected":false},"excerpt":{"rendered":"<p>Ayd\u0131n Esnaf ve Sanatkarlar Odalar\u0131 Birli\u011fi (AYESOB) Ba\u015fkan\u0131 Muhammet Ali K\u00fcnkc\u00fc, \u00f6l\u00e7\u00fc ve tart\u0131 aletleri kullanan esnaf ve sanatkarlar\u0131 uyararak, 2024 y\u0131l\u0131nda muayenesi yap\u0131lan cihazlar i\u00e7in en ge\u00e7 2 Mart 2026 tarihine kadar yetkili muayene servislerine beyanname verilmesi gerekti\u011fini hat\u0131rlatt\u0131. 3516 say\u0131l\u0131 \u00d6l\u00e7\u00fcler ve Ayar Kanunu kapsam\u0131nda, ticarette kullan\u0131lan \u00f6l\u00e7\u00fc ve tart\u0131 aletlerinin iki y\u0131lda&#8230;<\/p>\n","protected":false},"author":1,"featured_media":84248,"comment_status":"open","ping_status":"open","sticky":false,"template":"","format":"standard","meta":{"_crdt_document":"","footnotes":""},"categories":[125],"tags":[],"class_list":["post-84247","post","type-post","status-publish","format-standard","has-post-thumbnail","hentry","category-ekonomi"],"_links":{"self":[{"href":"https:\/\/www.egemtv.com\/index.php?rest_route=\/wp\/v2\/posts\/84247","targetHints":{"allow":["GET"]}}],"collection":[{"href":"https:\/\/www.egemtv.com\/index.php?rest_route=\/wp\/v2\/posts"}],"about":[{"href":"https:\/\/www.egemtv.com\/index.php?rest_route=\/wp\/v2\/types\/post"}],"author":[{"embeddable":true,"href":"https:\/\/www.egemtv.com\/index.php?rest_route=\/wp\/v2\/users\/1"}],"replies":[{"embeddable":true,"href":"https:\/\/www.egemtv.com\/index.php?rest_route=%2Fwp%2Fv2%2Fcomments&post=84247"}],"version-history":[{"count":1,"href":"https:\/\/www.egemtv.com\/index.php?rest_route=\/wp\/v2\/posts\/84247\/revisions"}],"predecessor-version":[{"id":84249,"href":"https:\/\/www.egemtv.com\/index.php?rest_route=\/wp\/v2\/posts\/84247\/revisions\/84249"}],"wp:featuredmedia":[{"embeddable":true,"href":"https:\/\/www.egemtv.com\/index.php?rest_route=\/wp\/v2\/media\/84248"}],"wp:attachment":[{"href":"https:\/\/www.egemtv.com\/index.php?rest_route=%2Fwp%2Fv2%2Fmedia&parent=84247"}],"wp:term":[{"taxonomy":"category","embeddable":true,"href":"https:\/\/www.egemtv.com\/index.php?rest_route=%2Fwp%2Fv2%2Fcategories&post=84247"},{"taxonomy":"post_tag","embeddable":true,"href":"https:\/\/www.egemtv.com\/index.php?rest_route=%2Fwp%2Fv2%2Ftags&post=84247"}],"curies":[{"name":"wp","href":"https:\/\/api.w.org\/{rel}","templated":true}]}}