{"id":84244,"date":"2026-01-31T11:36:35","date_gmt":"2026-01-31T08:36:35","guid":{"rendered":"https:\/\/www.egemtv.com\/?p=84244"},"modified":"2026-01-31T11:36:38","modified_gmt":"2026-01-31T08:36:38","slug":"muglaspor-kepezspor-deplasmaninda-3-puan-arayacak","status":"publish","type":"post","link":"https:\/\/www.egemtv.com\/?p=84244","title":{"rendered":"Mu\u011flaspor, Kepezspor deplasman\u0131nda 3 puan arayacak"},"content":{"rendered":"<p>TFF 2. Lig 24. hafta m\u00fccadelesinde Mu\u011flaspor, deplasmanda Kepezspor ile kar\u015f\u0131 kar\u015f\u0131ya gelecek. Zorlu kar\u015f\u0131la\u015fma 1 \u015eubat 2026 Pazar g\u00fcn\u00fc saat 13.00\u2019te Kepez Hasan Do\u011fan Stad\u0131\u2019nda oynanacak.<\/p>\n<p>Ligde \u00fcst s\u0131ralar hedefi do\u011frultusunda yoluna devam eden Mu\u011flaspor, deplasmandan 3 puanla d\u00f6nerek \u00e7\u0131k\u0131\u015f\u0131n\u0131 s\u00fcrd\u00fcrmeyi ama\u00e7l\u0131yor. Teknik heyet ve futbolcular, hafta boyunca haz\u0131rl\u0131klar\u0131n\u0131 galibiyet parolas\u0131yla s\u00fcrd\u00fcr\u00fcrken, ye\u015fil-beyazl\u0131 ekip kritik m\u00fccadeleden puan ya da puanlarla ayr\u0131lmak istiyor. Kar\u015f\u0131la\u015fman\u0131n, iki tak\u0131m a\u00e7\u0131s\u0131ndan da ligdeki konumlar\u0131n\u0131 yak\u0131ndan etkileyecek \u00f6neme sahip oldu\u011fu belirtilirken, Mu\u011flaspor cephesinde tek hedef galibiyet olarak g\u00f6steriliyor.<br \/><\/p>\n","protected":false},"excerpt":{"rendered":"<p>TFF 2. Lig 24. hafta m\u00fccadelesinde Mu\u011flaspor, deplasmanda Kepezspor ile kar\u015f\u0131 kar\u015f\u0131ya gelecek. Zorlu kar\u015f\u0131la\u015fma 1 \u015eubat 2026 Pazar g\u00fcn\u00fc saat 13.00\u2019te Kepez Hasan Do\u011fan Stad\u0131\u2019nda oynanacak. Ligde \u00fcst s\u0131ralar hedefi do\u011frultusunda yoluna devam eden Mu\u011flaspor, deplasmandan 3 puanla d\u00f6nerek \u00e7\u0131k\u0131\u015f\u0131n\u0131 s\u00fcrd\u00fcrmeyi ama\u00e7l\u0131yor. Teknik heyet ve futbolcular, hafta boyunca haz\u0131rl\u0131klar\u0131n\u0131 galibiyet parolas\u0131yla s\u00fcrd\u00fcr\u00fcrken, ye\u015fil-beyazl\u0131 ekip&#8230;<\/p>\n","protected":false},"author":1,"featured_media":84245,"comment_status":"open","ping_status":"open","sticky":false,"template":"","format":"standard","meta":{"_crdt_document":"","footnotes":""},"categories":[4],"tags":[],"class_list":["post-84244","post","type-post","status-publish","format-standard","has-post-thumbnail","hentry","category-spor"],"_links":{"self":[{"href":"https:\/\/www.egemtv.com\/index.php?rest_route=\/wp\/v2\/posts\/84244","targetHints":{"allow":["GET"]}}],"collection":[{"href":"https:\/\/www.egemtv.com\/index.php?rest_route=\/wp\/v2\/posts"}],"about":[{"href":"https:\/\/www.egemtv.com\/index.php?rest_route=\/wp\/v2\/types\/post"}],"author":[{"embeddable":true,"href":"https:\/\/www.egemtv.com\/index.php?rest_route=\/wp\/v2\/users\/1"}],"replies":[{"embeddable":true,"href":"https:\/\/www.egemtv.com\/index.php?rest_route=%2Fwp%2Fv2%2Fcomments&post=84244"}],"version-history":[{"count":1,"href":"https:\/\/www.egemtv.com\/index.php?rest_route=\/wp\/v2\/posts\/84244\/revisions"}],"predecessor-version":[{"id":84246,"href":"https:\/\/www.egemtv.com\/index.php?rest_route=\/wp\/v2\/posts\/84244\/revisions\/84246"}],"wp:featuredmedia":[{"embeddable":true,"href":"https:\/\/www.egemtv.com\/index.php?rest_route=\/wp\/v2\/media\/84245"}],"wp:attachment":[{"href":"https:\/\/www.egemtv.com\/index.php?rest_route=%2Fwp%2Fv2%2Fmedia&parent=84244"}],"wp:term":[{"taxonomy":"category","embeddable":true,"href":"https:\/\/www.egemtv.com\/index.php?rest_route=%2Fwp%2Fv2%2Fcategories&post=84244"},{"taxonomy":"post_tag","embeddable":true,"href":"https:\/\/www.egemtv.com\/index.php?rest_route=%2Fwp%2Fv2%2Ftags&post=84244"}],"curies":[{"name":"wp","href":"https:\/\/api.w.org\/{rel}","templated":true}]}}