{"id":84241,"date":"2026-01-31T11:36:34","date_gmt":"2026-01-31T08:36:34","guid":{"rendered":"https:\/\/www.egemtv.com\/?p=84241"},"modified":"2026-01-31T11:36:35","modified_gmt":"2026-01-31T08:36:35","slug":"yariyil-tatili-sona-eriyor-ilk-ders-zili-2-subatta-calacak","status":"publish","type":"post","link":"https:\/\/www.egemtv.com\/?p=84241","title":{"rendered":"Yar\u0131y\u0131l tatili sona eriyor ilk ders zili 2 \u015eubat\u2019ta \u00e7alacak"},"content":{"rendered":"<p>T\u00fcm T\u00fcrkiye\u2019de oldu\u011fu gibi Mu\u011fla\u2019da da 2025-2026 e\u011fitim-\u00f6\u011fretim y\u0131l\u0131 yar\u0131y\u0131l tatili sona eriyor. \u0130lk ve orta dereceli okullarda 16 Ocak\u2019ta ba\u015flayan yar\u0131y\u0131l tatili, 2 \u015eubat 2026 Pazartesi g\u00fcn\u00fc \u00f6\u011frencilerin yeniden ders ba\u015f\u0131 yapmas\u0131yla tamamlanacak.<\/p>\n<p>Mu\u011fla genelinde 2025-2026 e\u011fitim-\u00f6\u011fretim y\u0131l\u0131 birinci d\u00f6nemi kapsam\u0131nda resmi ve \u00f6zel olmak \u00fczere toplam 823 okulda, 161 bin 583 \u00f6\u011frenci ve 15 bin 943 \u00f6\u011fretmen yar\u0131y\u0131l tatiline girmi\u015fti. Tatilin ard\u0131ndan ikinci d\u00f6nem e\u011fitim s\u00fcreci ba\u015flayacak. \u0130kinci d\u00f6nem, 2 \u015eubat 2026 Pazartesi g\u00fcn\u00fc ba\u015flayacak ve 26 Haziran 2026 Cuma g\u00fcn\u00fc sona erecek.<br \/><\/p>\n","protected":false},"excerpt":{"rendered":"<p>T\u00fcm T\u00fcrkiye\u2019de oldu\u011fu gibi Mu\u011fla\u2019da da 2025-2026 e\u011fitim-\u00f6\u011fretim y\u0131l\u0131 yar\u0131y\u0131l tatili sona eriyor. \u0130lk ve orta dereceli okullarda 16 Ocak\u2019ta ba\u015flayan yar\u0131y\u0131l tatili, 2 \u015eubat 2026 Pazartesi g\u00fcn\u00fc \u00f6\u011frencilerin yeniden ders ba\u015f\u0131 yapmas\u0131yla tamamlanacak. Mu\u011fla genelinde 2025-2026 e\u011fitim-\u00f6\u011fretim y\u0131l\u0131 birinci d\u00f6nemi kapsam\u0131nda resmi ve \u00f6zel olmak \u00fczere toplam 823 okulda, 161 bin 583 \u00f6\u011frenci ve&#8230;<\/p>\n","protected":false},"author":1,"featured_media":84242,"comment_status":"open","ping_status":"open","sticky":false,"template":"","format":"standard","meta":{"_crdt_document":"","footnotes":""},"categories":[1],"tags":[],"class_list":["post-84241","post","type-post","status-publish","format-standard","has-post-thumbnail","hentry","category-guncel"],"_links":{"self":[{"href":"https:\/\/www.egemtv.com\/index.php?rest_route=\/wp\/v2\/posts\/84241","targetHints":{"allow":["GET"]}}],"collection":[{"href":"https:\/\/www.egemtv.com\/index.php?rest_route=\/wp\/v2\/posts"}],"about":[{"href":"https:\/\/www.egemtv.com\/index.php?rest_route=\/wp\/v2\/types\/post"}],"author":[{"embeddable":true,"href":"https:\/\/www.egemtv.com\/index.php?rest_route=\/wp\/v2\/users\/1"}],"replies":[{"embeddable":true,"href":"https:\/\/www.egemtv.com\/index.php?rest_route=%2Fwp%2Fv2%2Fcomments&post=84241"}],"version-history":[{"count":1,"href":"https:\/\/www.egemtv.com\/index.php?rest_route=\/wp\/v2\/posts\/84241\/revisions"}],"predecessor-version":[{"id":84243,"href":"https:\/\/www.egemtv.com\/index.php?rest_route=\/wp\/v2\/posts\/84241\/revisions\/84243"}],"wp:featuredmedia":[{"embeddable":true,"href":"https:\/\/www.egemtv.com\/index.php?rest_route=\/wp\/v2\/media\/84242"}],"wp:attachment":[{"href":"https:\/\/www.egemtv.com\/index.php?rest_route=%2Fwp%2Fv2%2Fmedia&parent=84241"}],"wp:term":[{"taxonomy":"category","embeddable":true,"href":"https:\/\/www.egemtv.com\/index.php?rest_route=%2Fwp%2Fv2%2Fcategories&post=84241"},{"taxonomy":"post_tag","embeddable":true,"href":"https:\/\/www.egemtv.com\/index.php?rest_route=%2Fwp%2Fv2%2Ftags&post=84241"}],"curies":[{"name":"wp","href":"https:\/\/api.w.org\/{rel}","templated":true}]}}