{"id":84238,"date":"2026-01-31T11:36:33","date_gmt":"2026-01-31T08:36:33","guid":{"rendered":"https:\/\/www.egemtv.com\/?p=84238"},"modified":"2026-01-31T11:36:34","modified_gmt":"2026-01-31T08:36:34","slug":"30-ocakta-koycegiz-en-fazla-yagis-alan-ilce-oldu","status":"publish","type":"post","link":"https:\/\/www.egemtv.com\/?p=84238","title":{"rendered":"30 Ocak\u2019ta K\u00f6yce\u011fiz en fazla ya\u011f\u0131\u015f alan il\u00e7e oldu"},"content":{"rendered":"<p>Meteoroloji Genel M\u00fcd\u00fcrl\u00fc\u011f\u00fc taraf\u0131ndan son bir haftad\u0131r devam eden ya\u011f\u0131\u015f uyar\u0131lar\u0131n\u0131 ard\u0131ndan Mu\u011fla b\u00f6lgesinde 30 Ocak tarihinde en fazla ya\u011f\u0131\u015f d\u00fc\u015fen il\u00e7e metrekareye 71.3 mm ile K\u00f6yce\u011fiz oldu.<br \/>\n<br \/>K\u0131y\u0131 kesimlerde \u00f6zellikle Bodrum, Dat\u00e7a, Ula ve Marmaris il\u00e7elerinde denizlerde f\u0131rt\u0131na ve sa\u011fanak ya\u011f\u0131\u015f hakim olurken, i\u00e7 kesimlerde ya\u011fmur ve zaman zaman k\u0131sa s\u00fcreli dolu ya\u011f\u0131\u015f\u0131 ger\u00e7ekle\u015fti. Mu\u011fla\u2019n\u0131n y\u00fcksek kesimleri G\u00f6ktepe b\u00f6lgesi k\u0131sa s\u00fcreli ya\u011fmur ile kar\u0131\u015f\u0131k kar ya\u011f\u0131\u015f\u0131 etkili oldu.<br \/>\n<br \/>30 Ocak Cuma g\u00fcn\u00fc Mu\u011fla genelinde sa\u011fanak ya\u011f\u0131\u015f nedeniyle K\u00f6y ce\u011fiz G\u00f6l\u00fc su y\u00fckselmesi nedeniyle ta\u015farken, en fazla ya\u011f\u0131\u015f alan il\u00e7e oldu. Buna g\u00f6re, Bodrum 14.2, Dalaman 14.4, Dat\u00e7a 0.5, Fethiye 43.4, K\u00f6yce\u011fiz 71.3, Marmaris 50.6, Mente\u015fe 46.6, Milas 25.2, Ortaca 23.1, Seydikemer 51.6, Ula 63 ve Yata\u011fan 17.8 mm ya\u011f\u0131\u015f ald\u0131.<br \/><\/p>\n","protected":false},"excerpt":{"rendered":"<p>Meteoroloji Genel M\u00fcd\u00fcrl\u00fc\u011f\u00fc taraf\u0131ndan son bir haftad\u0131r devam eden ya\u011f\u0131\u015f uyar\u0131lar\u0131n\u0131 ard\u0131ndan Mu\u011fla b\u00f6lgesinde 30 Ocak tarihinde en fazla ya\u011f\u0131\u015f d\u00fc\u015fen il\u00e7e metrekareye 71.3 mm ile K\u00f6yce\u011fiz oldu. K\u0131y\u0131 kesimlerde \u00f6zellikle Bodrum, Dat\u00e7a, Ula ve Marmaris il\u00e7elerinde denizlerde f\u0131rt\u0131na ve sa\u011fanak ya\u011f\u0131\u015f hakim olurken, i\u00e7 kesimlerde ya\u011fmur ve zaman zaman k\u0131sa s\u00fcreli dolu ya\u011f\u0131\u015f\u0131 ger\u00e7ekle\u015fti&#8230;.<\/p>\n","protected":false},"author":1,"featured_media":84239,"comment_status":"open","ping_status":"open","sticky":false,"template":"","format":"standard","meta":{"_crdt_document":"","footnotes":""},"categories":[1],"tags":[],"class_list":["post-84238","post","type-post","status-publish","format-standard","has-post-thumbnail","hentry","category-guncel"],"_links":{"self":[{"href":"https:\/\/www.egemtv.com\/index.php?rest_route=\/wp\/v2\/posts\/84238","targetHints":{"allow":["GET"]}}],"collection":[{"href":"https:\/\/www.egemtv.com\/index.php?rest_route=\/wp\/v2\/posts"}],"about":[{"href":"https:\/\/www.egemtv.com\/index.php?rest_route=\/wp\/v2\/types\/post"}],"author":[{"embeddable":true,"href":"https:\/\/www.egemtv.com\/index.php?rest_route=\/wp\/v2\/users\/1"}],"replies":[{"embeddable":true,"href":"https:\/\/www.egemtv.com\/index.php?rest_route=%2Fwp%2Fv2%2Fcomments&post=84238"}],"version-history":[{"count":1,"href":"https:\/\/www.egemtv.com\/index.php?rest_route=\/wp\/v2\/posts\/84238\/revisions"}],"predecessor-version":[{"id":84240,"href":"https:\/\/www.egemtv.com\/index.php?rest_route=\/wp\/v2\/posts\/84238\/revisions\/84240"}],"wp:featuredmedia":[{"embeddable":true,"href":"https:\/\/www.egemtv.com\/index.php?rest_route=\/wp\/v2\/media\/84239"}],"wp:attachment":[{"href":"https:\/\/www.egemtv.com\/index.php?rest_route=%2Fwp%2Fv2%2Fmedia&parent=84238"}],"wp:term":[{"taxonomy":"category","embeddable":true,"href":"https:\/\/www.egemtv.com\/index.php?rest_route=%2Fwp%2Fv2%2Fcategories&post=84238"},{"taxonomy":"post_tag","embeddable":true,"href":"https:\/\/www.egemtv.com\/index.php?rest_route=%2Fwp%2Fv2%2Ftags&post=84238"}],"curies":[{"name":"wp","href":"https:\/\/api.w.org\/{rel}","templated":true}]}}