{"id":84235,"date":"2026-01-31T11:36:32","date_gmt":"2026-01-31T08:36:32","guid":{"rendered":"https:\/\/www.egemtv.com\/?p=84235"},"modified":"2026-01-31T11:36:33","modified_gmt":"2026-01-31T08:36:33","slug":"izmirde-22-yil-hapis-cezasiyla-aranan-firari-yakalandi","status":"publish","type":"post","link":"https:\/\/www.egemtv.com\/?p=84235","title":{"rendered":"\u0130zmir\u2019de 22 y\u0131l hapis cezas\u0131yla aranan firari yakaland\u0131"},"content":{"rendered":"<p>\u0130zmir\u2019de polis ekiplerinin aranan \u015fah\u0131slara y\u00f6nelik ger\u00e7ekle\u015ftirdi\u011fi \u00e7al\u0131\u015fmalarda, hakk\u0131nda 22 y\u0131l kesinle\u015fmi\u015f hapis cezas\u0131 bulunan bir ki\u015fi k\u0131sk\u0131vrak yakaland\u0131.<br \/>\n<br \/>\u0130zmir \u0130l Emniyet M\u00fcd\u00fcrl\u00fc\u011f\u00fc Asayi\u015f \u015eube M\u00fcd\u00fcrl\u00fc\u011f\u00fc G\u00fcven Timleri b\u00fcnyesinde y\u00fcr\u00fct\u00fclen saha \u00e7al\u0131\u015fmalar\u0131 kapsam\u0131nda, d\u00fcn aranan \u015fah\u0131slar\u0131n yakalanmas\u0131na y\u00f6nelik operasyon ger\u00e7ekle\u015ftirildi. Yap\u0131lan incelemeler ve sorgulamalar neticesinde, uzun s\u00fcredir firari durumda olan B.K. isimli \u015fah\u0131s yakalanarak g\u00f6zalt\u0131na al\u0131nd\u0131.<\/p>\n<p>Su\u00e7 dosyas\u0131 kabar\u0131k \u00e7\u0131kt\u0131<br \/>\n<br \/>Yakalanan B.K.\u2019n\u0131n yap\u0131lan GBT (Genel Bilgi Tarama) sorgusunda; \u2019Resmi Belgede Sahtecilik\u2019, \u2019H\u0131rs\u0131zl\u0131k\u2019, \u2019Doland\u0131r\u0131c\u0131l\u0131k\u2019, \u2019H\u00fck\u00fcml\u00fc veya Tutuklunun Ka\u00e7mas\u0131\u2019 ve \u2019Konut Dokunulmazl\u0131\u011f\u0131n\u0131 \u0130hlal Etme\u2019 su\u00e7lar\u0131ndan hakk\u0131nda toplamda 22 y\u0131l 4 ay 10 g\u00fcn kesinle\u015fmi\u015f hapis cezas\u0131 bulundu\u011fu tespit edildi.<br \/>\n<br \/>Emniyetteki i\u015flemlerinin ard\u0131ndan \u015f\u00fcpheli \u015fah\u0131s, sevk edildi\u011fi adli mercilerce tutuklanarak cezaevine g\u00f6nderildi.<br \/><\/p>\n","protected":false},"excerpt":{"rendered":"<p>\u0130zmir\u2019de polis ekiplerinin aranan \u015fah\u0131slara y\u00f6nelik ger\u00e7ekle\u015ftirdi\u011fi \u00e7al\u0131\u015fmalarda, hakk\u0131nda 22 y\u0131l kesinle\u015fmi\u015f hapis cezas\u0131 bulunan bir ki\u015fi k\u0131sk\u0131vrak yakaland\u0131. \u0130zmir \u0130l Emniyet M\u00fcd\u00fcrl\u00fc\u011f\u00fc Asayi\u015f \u015eube M\u00fcd\u00fcrl\u00fc\u011f\u00fc G\u00fcven Timleri b\u00fcnyesinde y\u00fcr\u00fct\u00fclen saha \u00e7al\u0131\u015fmalar\u0131 kapsam\u0131nda, d\u00fcn aranan \u015fah\u0131slar\u0131n yakalanmas\u0131na y\u00f6nelik operasyon ger\u00e7ekle\u015ftirildi. Yap\u0131lan incelemeler ve sorgulamalar neticesinde, uzun s\u00fcredir firari durumda olan B.K. isimli \u015fah\u0131s yakalanarak g\u00f6zalt\u0131na&#8230;<\/p>\n","protected":false},"author":1,"featured_media":84236,"comment_status":"open","ping_status":"open","sticky":false,"template":"","format":"standard","meta":{"_crdt_document":"","footnotes":""},"categories":[5],"tags":[],"class_list":["post-84235","post","type-post","status-publish","format-standard","has-post-thumbnail","hentry","category-asayis"],"_links":{"self":[{"href":"https:\/\/www.egemtv.com\/index.php?rest_route=\/wp\/v2\/posts\/84235","targetHints":{"allow":["GET"]}}],"collection":[{"href":"https:\/\/www.egemtv.com\/index.php?rest_route=\/wp\/v2\/posts"}],"about":[{"href":"https:\/\/www.egemtv.com\/index.php?rest_route=\/wp\/v2\/types\/post"}],"author":[{"embeddable":true,"href":"https:\/\/www.egemtv.com\/index.php?rest_route=\/wp\/v2\/users\/1"}],"replies":[{"embeddable":true,"href":"https:\/\/www.egemtv.com\/index.php?rest_route=%2Fwp%2Fv2%2Fcomments&post=84235"}],"version-history":[{"count":1,"href":"https:\/\/www.egemtv.com\/index.php?rest_route=\/wp\/v2\/posts\/84235\/revisions"}],"predecessor-version":[{"id":84237,"href":"https:\/\/www.egemtv.com\/index.php?rest_route=\/wp\/v2\/posts\/84235\/revisions\/84237"}],"wp:featuredmedia":[{"embeddable":true,"href":"https:\/\/www.egemtv.com\/index.php?rest_route=\/wp\/v2\/media\/84236"}],"wp:attachment":[{"href":"https:\/\/www.egemtv.com\/index.php?rest_route=%2Fwp%2Fv2%2Fmedia&parent=84235"}],"wp:term":[{"taxonomy":"category","embeddable":true,"href":"https:\/\/www.egemtv.com\/index.php?rest_route=%2Fwp%2Fv2%2Fcategories&post=84235"},{"taxonomy":"post_tag","embeddable":true,"href":"https:\/\/www.egemtv.com\/index.php?rest_route=%2Fwp%2Fv2%2Ftags&post=84235"}],"curies":[{"name":"wp","href":"https:\/\/api.w.org\/{rel}","templated":true}]}}