{"id":84232,"date":"2026-01-31T11:14:34","date_gmt":"2026-01-31T08:14:34","guid":{"rendered":"https:\/\/www.egemtv.com\/?p=84232"},"modified":"2026-01-31T11:14:35","modified_gmt":"2026-01-31T08:14:35","slug":"gsb-genclik-kis-kulubu-kapanis-programi-coskuyla-gerceklestirildi","status":"publish","type":"post","link":"https:\/\/www.egemtv.com\/?p=84232","title":{"rendered":"GSB Gen\u00e7lik k\u0131\u015f kul\u00fcb\u00fc kapan\u0131\u015f program\u0131 co\u015fkuyla ger\u00e7ekle\u015ftirildi"},"content":{"rendered":"<p>Mente\u015fe Gen\u00e7lik ve Spor \u0130l\u00e7e M\u00fcd\u00fcrl\u00fc\u011f\u00fc b\u00fcnyesinde faaliyetlerini s\u00fcrd\u00fcren Uluslararas\u0131 Gen\u00e7lik Merkezi taraf\u0131ndan y\u00fcr\u00fct\u00fclen GSB Gen\u00e7lik K\u0131\u015f Kul\u00fcb\u00fc program\u0131, d\u00fczenlenen kapan\u0131\u015f etkinli\u011fiyle sona erdi. Gen\u00e7lerin yo\u011fun kat\u0131l\u0131m g\u00f6sterdi\u011fi program, renkli g\u00f6r\u00fcnt\u00fclere sahne oldu.<\/p>\n<p>Kapan\u0131\u015f program\u0131, gen\u00e7lerin birlik ve beraberlik duygular\u0131n\u0131 peki\u015ftirdi\u011fi kahvalt\u0131 etkinli\u011fiyle ba\u015flad\u0131. Samimi bir atmosferde ger\u00e7ekle\u015fen bulu\u015fmada gen\u00e7ler hem kayna\u015fma f\u0131rsat\u0131 buldu hem de keyifli vakit ge\u00e7irdi. Program\u0131n devam\u0131nda d\u00fczenlenen sanat at\u00f6lyeleri, sportif oyunlar ve \u00e7e\u015fitli etkinliklerle gen\u00e7lerin sosyal, k\u00fclt\u00fcrel ve fiziksel geli\u015fimlerine katk\u0131 sa\u011fland\u0131. Etkinlikler s\u00fcresince gen\u00e7ler, yeteneklerini sergileme imk\u00e2n\u0131 bulurken ayn\u0131 zamanda ekip \u00e7al\u0131\u015fmas\u0131, payla\u015fma ve dayan\u0131\u015fma ruhunu da deneyimledi. GSB Gen\u00e7lik K\u0131\u015f Kul\u00fcb\u00fc boyunca gen\u00e7lerin serbest zamanlar\u0131n\u0131 verimli de\u011ferlendirmeleri, sosyal sorumluluk bilinci kazanmalar\u0131 ve farkl\u0131 alanlarda kendilerini geli\u015ftirmeleri hedeflendi.<\/p>\n<p>D\u00fczenlenen kapan\u0131\u015f program\u0131 ile kul\u00fcp faaliyetleri, gen\u00e7lerin haf\u0131zalar\u0131nda g\u00fczel hat\u0131ralar b\u0131rakarak tamamland\u0131. Mente\u015fe Gen\u00e7lik ve Spor \u0130l\u00e7e M\u00fcd\u00fcrl\u00fc\u011f\u00fc yetkilileri, gen\u00e7lerin her alanda desteklenmesine y\u00f6nelik \u00e7al\u0131\u015fmalar\u0131n aral\u0131ks\u0131z s\u00fcrece\u011fini belirterek programa kat\u0131lan t\u00fcm gen\u00e7lere ve eme\u011fi ge\u00e7en g\u00f6revlilere te\u015fekk\u00fcr etti.<br \/><\/p>\n","protected":false},"excerpt":{"rendered":"<p>Mente\u015fe Gen\u00e7lik ve Spor \u0130l\u00e7e M\u00fcd\u00fcrl\u00fc\u011f\u00fc b\u00fcnyesinde faaliyetlerini s\u00fcrd\u00fcren Uluslararas\u0131 Gen\u00e7lik Merkezi taraf\u0131ndan y\u00fcr\u00fct\u00fclen GSB Gen\u00e7lik K\u0131\u015f Kul\u00fcb\u00fc program\u0131, d\u00fczenlenen kapan\u0131\u015f etkinli\u011fiyle sona erdi. Gen\u00e7lerin yo\u011fun kat\u0131l\u0131m g\u00f6sterdi\u011fi program, renkli g\u00f6r\u00fcnt\u00fclere sahne oldu. Kapan\u0131\u015f program\u0131, gen\u00e7lerin birlik ve beraberlik duygular\u0131n\u0131 peki\u015ftirdi\u011fi kahvalt\u0131 etkinli\u011fiyle ba\u015flad\u0131. Samimi bir atmosferde ger\u00e7ekle\u015fen bulu\u015fmada gen\u00e7ler hem kayna\u015fma f\u0131rsat\u0131 buldu hem&#8230;<\/p>\n","protected":false},"author":1,"featured_media":84233,"comment_status":"open","ping_status":"open","sticky":false,"template":"","format":"standard","meta":{"_crdt_document":"","footnotes":""},"categories":[1],"tags":[],"class_list":["post-84232","post","type-post","status-publish","format-standard","has-post-thumbnail","hentry","category-guncel"],"_links":{"self":[{"href":"https:\/\/www.egemtv.com\/index.php?rest_route=\/wp\/v2\/posts\/84232","targetHints":{"allow":["GET"]}}],"collection":[{"href":"https:\/\/www.egemtv.com\/index.php?rest_route=\/wp\/v2\/posts"}],"about":[{"href":"https:\/\/www.egemtv.com\/index.php?rest_route=\/wp\/v2\/types\/post"}],"author":[{"embeddable":true,"href":"https:\/\/www.egemtv.com\/index.php?rest_route=\/wp\/v2\/users\/1"}],"replies":[{"embeddable":true,"href":"https:\/\/www.egemtv.com\/index.php?rest_route=%2Fwp%2Fv2%2Fcomments&post=84232"}],"version-history":[{"count":1,"href":"https:\/\/www.egemtv.com\/index.php?rest_route=\/wp\/v2\/posts\/84232\/revisions"}],"predecessor-version":[{"id":84234,"href":"https:\/\/www.egemtv.com\/index.php?rest_route=\/wp\/v2\/posts\/84232\/revisions\/84234"}],"wp:featuredmedia":[{"embeddable":true,"href":"https:\/\/www.egemtv.com\/index.php?rest_route=\/wp\/v2\/media\/84233"}],"wp:attachment":[{"href":"https:\/\/www.egemtv.com\/index.php?rest_route=%2Fwp%2Fv2%2Fmedia&parent=84232"}],"wp:term":[{"taxonomy":"category","embeddable":true,"href":"https:\/\/www.egemtv.com\/index.php?rest_route=%2Fwp%2Fv2%2Fcategories&post=84232"},{"taxonomy":"post_tag","embeddable":true,"href":"https:\/\/www.egemtv.com\/index.php?rest_route=%2Fwp%2Fv2%2Ftags&post=84232"}],"curies":[{"name":"wp","href":"https:\/\/api.w.org\/{rel}","templated":true}]}}