{"id":84229,"date":"2026-01-31T11:14:32","date_gmt":"2026-01-31T08:14:32","guid":{"rendered":"https:\/\/www.egemtv.com\/?p=84229"},"modified":"2026-01-31T11:14:34","modified_gmt":"2026-01-31T08:14:34","slug":"ciftci-bulusmalariyla-uretim-gucleniyor","status":"publish","type":"post","link":"https:\/\/www.egemtv.com\/?p=84229","title":{"rendered":"\u00c7ift\u00e7i bulu\u015fmalar\u0131yla \u00fcretim g\u00fc\u00e7leniyor"},"content":{"rendered":"<p>Ayd\u0131n genelinde d\u00fczenlenen \u00c7ift\u00e7i Bulu\u015fmalar\u0131 kapsam\u0131nda \u0130l ve \u0130l\u00e7e Tar\u0131m ve Orman M\u00fcd\u00fcrl\u00fc\u011f\u00fc ekipleri, \u00fcreticilerle bir araya gelerek tar\u0131msal bilgilendirme \u00e7al\u0131\u015fmalar\u0131 ger\u00e7ekle\u015ftirdi.<\/p>\n<p>Ayd\u0131n\u2019\u0131n 17 il\u00e7esi ile 17 k\u00f6y ve mahallede d\u00fczenlenen bulu\u015fmalarda, b\u00f6lgesel olarak \u00fcretilen \u00fcr\u00fcnlere y\u00f6nelik teknik bilgiler \u00fcreticilerle payla\u015f\u0131ld\u0131. Uzman ekipler taraf\u0131ndan ger\u00e7ekle\u015ftirilen toplant\u0131larda, hayvan hastal\u0131klar\u0131 ve bu hastal\u0131klardan korunma y\u00f6ntemleri hakk\u0131nda bilgilendirmeler yap\u0131l\u0131rken, incir, zeytin, kestane ve pamuk ba\u015fta olmak \u00fczere il genelinde yeti\u015ftirilen t\u00fcm \u00fcr\u00fcnler ele al\u0131nd\u0131. Bilgi payla\u015f\u0131m\u0131yla \u00fcretimi g\u00fc\u00e7lendirmeyi ama\u00e7layan bulu\u015fmalarda, \u00fcreticilerin sorular\u0131 yan\u0131tlan\u0131rken sahadaki talepler de dinlendi. Tar\u0131m ve Orman M\u00fcd\u00fcrl\u00fc\u011f\u00fc ekipleri, \u00fcreticiyle omuz omuza y\u00fcr\u00fct\u00fclen bu \u00e7al\u0131\u015fmalar\u0131n tar\u0131msal verimlili\u011fin art\u0131r\u0131lmas\u0131na \u00f6nemli katk\u0131 sundu\u011funu vurgulad\u0131.<br \/><\/p>\n","protected":false},"excerpt":{"rendered":"<p>Ayd\u0131n genelinde d\u00fczenlenen \u00c7ift\u00e7i Bulu\u015fmalar\u0131 kapsam\u0131nda \u0130l ve \u0130l\u00e7e Tar\u0131m ve Orman M\u00fcd\u00fcrl\u00fc\u011f\u00fc ekipleri, \u00fcreticilerle bir araya gelerek tar\u0131msal bilgilendirme \u00e7al\u0131\u015fmalar\u0131 ger\u00e7ekle\u015ftirdi. Ayd\u0131n\u2019\u0131n 17 il\u00e7esi ile 17 k\u00f6y ve mahallede d\u00fczenlenen bulu\u015fmalarda, b\u00f6lgesel olarak \u00fcretilen \u00fcr\u00fcnlere y\u00f6nelik teknik bilgiler \u00fcreticilerle payla\u015f\u0131ld\u0131. Uzman ekipler taraf\u0131ndan ger\u00e7ekle\u015ftirilen toplant\u0131larda, hayvan hastal\u0131klar\u0131 ve bu hastal\u0131klardan korunma y\u00f6ntemleri hakk\u0131nda bilgilendirmeler&#8230;<\/p>\n","protected":false},"author":1,"featured_media":84230,"comment_status":"open","ping_status":"open","sticky":false,"template":"","format":"standard","meta":{"_crdt_document":"","footnotes":""},"categories":[1],"tags":[],"class_list":["post-84229","post","type-post","status-publish","format-standard","has-post-thumbnail","hentry","category-guncel"],"_links":{"self":[{"href":"https:\/\/www.egemtv.com\/index.php?rest_route=\/wp\/v2\/posts\/84229","targetHints":{"allow":["GET"]}}],"collection":[{"href":"https:\/\/www.egemtv.com\/index.php?rest_route=\/wp\/v2\/posts"}],"about":[{"href":"https:\/\/www.egemtv.com\/index.php?rest_route=\/wp\/v2\/types\/post"}],"author":[{"embeddable":true,"href":"https:\/\/www.egemtv.com\/index.php?rest_route=\/wp\/v2\/users\/1"}],"replies":[{"embeddable":true,"href":"https:\/\/www.egemtv.com\/index.php?rest_route=%2Fwp%2Fv2%2Fcomments&post=84229"}],"version-history":[{"count":1,"href":"https:\/\/www.egemtv.com\/index.php?rest_route=\/wp\/v2\/posts\/84229\/revisions"}],"predecessor-version":[{"id":84231,"href":"https:\/\/www.egemtv.com\/index.php?rest_route=\/wp\/v2\/posts\/84229\/revisions\/84231"}],"wp:featuredmedia":[{"embeddable":true,"href":"https:\/\/www.egemtv.com\/index.php?rest_route=\/wp\/v2\/media\/84230"}],"wp:attachment":[{"href":"https:\/\/www.egemtv.com\/index.php?rest_route=%2Fwp%2Fv2%2Fmedia&parent=84229"}],"wp:term":[{"taxonomy":"category","embeddable":true,"href":"https:\/\/www.egemtv.com\/index.php?rest_route=%2Fwp%2Fv2%2Fcategories&post=84229"},{"taxonomy":"post_tag","embeddable":true,"href":"https:\/\/www.egemtv.com\/index.php?rest_route=%2Fwp%2Fv2%2Ftags&post=84229"}],"curies":[{"name":"wp","href":"https:\/\/api.w.org\/{rel}","templated":true}]}}