{"id":84225,"date":"2026-01-31T11:14:22","date_gmt":"2026-01-31T08:14:22","guid":{"rendered":"https:\/\/www.egemtv.com\/?p=84225"},"modified":"2026-01-31T11:14:23","modified_gmt":"2026-01-31T08:14:23","slug":"usakta-velilere-korsan-servis-uyarisi-cocuklarimizin-guvenligi-her-seyden-once-gelir","status":"publish","type":"post","link":"https:\/\/www.egemtv.com\/?p=84225","title":{"rendered":"U\u015fak&#8217;ta Velilere Korsan Servis Uyar\u0131s\u0131: &#8220;\u00c7ocuklar\u0131m\u0131z\u0131n G\u00fcvenli\u011fi Her \u015eeyden \u00d6nce Gelir&#8221;"},"content":{"rendered":"\n<p class=\"wp-block-paragraph\">Okullarda ikinci yar\u0131y\u0131l\u0131n ba\u015flamas\u0131yla birlikte U\u015fak Servis \u0130\u015fletmecileri Esnaf Odas\u0131\u2019ndan velilere \u00f6nemli bir uyar\u0131 geldi. Oda Ba\u015fkan\u0131 Do\u011fan B\u00f6rekci, \u00f6zellikle korsan \u00f6\u011frenci ta\u015f\u0131mac\u0131l\u0131\u011f\u0131na dikkat \u00e7ekerek, \u00e7ocuklar\u0131n can g\u00fcvenli\u011finin riske at\u0131lmamas\u0131 gerekti\u011fini vurgulad\u0131.<\/p>\n\n\n\n<p class=\"wp-block-paragraph\">Ba\u015fkan B\u00f6rekci yapt\u0131\u011f\u0131 a\u00e7\u0131klamada, yeni e\u011fitim d\u00f6neminin t\u00fcm \u00f6\u011frencilere ba\u015far\u0131, \u00f6\u011fretmenlere ise sa\u011fl\u0131kl\u0131 ve verimli bir s\u00fcre\u00e7 getirmesini dileyerek s\u00f6zlerine ba\u015flad\u0131. Ancak bu d\u00f6nemde en hassas konulardan birinin&nbsp;<strong>yetkisiz servis ta\u015f\u0131mac\u0131l\u0131\u011f\u0131<\/strong>&nbsp;oldu\u011funun alt\u0131n\u0131 \u00e7izdi.<\/p>\n\n\n\n<p class=\"wp-block-paragraph\">\u201cKorsan ta\u015f\u0131mac\u0131l\u0131k yasal de\u011fildir\u201d diyen B\u00f6rekci, denetimsiz ve ruhsats\u0131z \u015fekilde yap\u0131lan \u00f6\u011frenci ta\u015f\u0131mac\u0131l\u0131\u011f\u0131n\u0131n hem \u00e7ocuklar\u0131n g\u00fcvenli\u011fini tehlikeye att\u0131\u011f\u0131n\u0131 hem de ciddi yapt\u0131r\u0131mlar do\u011furdu\u011funu belirtti. Bu t\u00fcr faaliyetlerde bulunan ki\u015filer hakk\u0131nda&nbsp;<strong>idari para cezalar\u0131 ve cezai i\u015flemler<\/strong>&nbsp;uyguland\u0131\u011f\u0131n\u0131 ifade etti.<\/p>\n\n\n\n<p class=\"wp-block-paragraph\">A\u00e7\u0131klamada velilere de sorumluluk d\u00fc\u015ft\u00fc\u011f\u00fc hat\u0131rlat\u0131ld\u0131. \u00c7ocuklar\u0131n\u0131 kom\u015fular\u0131na ya da yetkisiz ki\u015filere ait ara\u00e7larla okula g\u00f6nderen velilerin de hukuki a\u00e7\u0131dan sorumlulukla kar\u015f\u0131 kar\u015f\u0131ya kalabilece\u011fi vurguland\u0131. Olas\u0131 bir kazada hem ta\u015f\u0131y\u0131c\u0131n\u0131n hem de velinin sorumlu tutulabilece\u011fi belirtildi.<\/p>\n\n\n\n<p class=\"wp-block-paragraph\">B\u00f6rekci, velileri yaln\u0131zca&nbsp;<strong>yetkili, belgeli ve denetimli servis ara\u00e7lar\u0131n\u0131<\/strong>&nbsp;tercih etmeye davet ederek, ama\u00e7lar\u0131n\u0131n ceza kesmek de\u011fil \u00e7ocuklar\u0131n g\u00fcvenli ula\u015f\u0131m\u0131n\u0131 sa\u011flamak oldu\u011funu s\u00f6yledi.<\/p>\n\n\n\n<p class=\"wp-block-paragraph\">Korsan ta\u015f\u0131mac\u0131l\u0131kla m\u00fccadele kapsam\u0131nda denetimlerin ilgili kurumlarla i\u015f birli\u011fi i\u00e7inde s\u00fcrd\u00fcr\u00fclece\u011fi de kamuoyuna duyuruldu.<\/p>\n","protected":false},"excerpt":{"rendered":"<p>Okullarda ikinci yar\u0131y\u0131l\u0131n ba\u015flamas\u0131yla birlikte U\u015fak Servis \u0130\u015fletmecileri Esnaf Odas\u0131\u2019ndan velilere \u00f6nemli bir uyar\u0131 geldi. Oda Ba\u015fkan\u0131 Do\u011fan B\u00f6rekci, \u00f6zellikle korsan \u00f6\u011frenci ta\u015f\u0131mac\u0131l\u0131\u011f\u0131na dikkat \u00e7ekerek, \u00e7ocuklar\u0131n can g\u00fcvenli\u011finin riske at\u0131lmamas\u0131 gerekti\u011fini vurgulad\u0131. Ba\u015fkan B\u00f6rekci yapt\u0131\u011f\u0131 a\u00e7\u0131klamada, yeni e\u011fitim d\u00f6neminin t\u00fcm \u00f6\u011frencilere ba\u015far\u0131, \u00f6\u011fretmenlere ise sa\u011fl\u0131kl\u0131 ve verimli bir s\u00fcre\u00e7 getirmesini dileyerek s\u00f6zlerine ba\u015flad\u0131. Ancak bu&#8230;<\/p>\n","protected":false},"author":1,"featured_media":84226,"comment_status":"open","ping_status":"open","sticky":false,"template":"","format":"standard","meta":{"_crdt_document":"","footnotes":""},"categories":[1322,1,123],"tags":[],"class_list":["post-84225","post","type-post","status-publish","format-standard","has-post-thumbnail","hentry","category-3-sayfa","category-guncel","category-gundem"],"_links":{"self":[{"href":"https:\/\/www.egemtv.com\/index.php?rest_route=\/wp\/v2\/posts\/84225","targetHints":{"allow":["GET"]}}],"collection":[{"href":"https:\/\/www.egemtv.com\/index.php?rest_route=\/wp\/v2\/posts"}],"about":[{"href":"https:\/\/www.egemtv.com\/index.php?rest_route=\/wp\/v2\/types\/post"}],"author":[{"embeddable":true,"href":"https:\/\/www.egemtv.com\/index.php?rest_route=\/wp\/v2\/users\/1"}],"replies":[{"embeddable":true,"href":"https:\/\/www.egemtv.com\/index.php?rest_route=%2Fwp%2Fv2%2Fcomments&post=84225"}],"version-history":[{"count":1,"href":"https:\/\/www.egemtv.com\/index.php?rest_route=\/wp\/v2\/posts\/84225\/revisions"}],"predecessor-version":[{"id":84228,"href":"https:\/\/www.egemtv.com\/index.php?rest_route=\/wp\/v2\/posts\/84225\/revisions\/84228"}],"wp:featuredmedia":[{"embeddable":true,"href":"https:\/\/www.egemtv.com\/index.php?rest_route=\/wp\/v2\/media\/84226"}],"wp:attachment":[{"href":"https:\/\/www.egemtv.com\/index.php?rest_route=%2Fwp%2Fv2%2Fmedia&parent=84225"}],"wp:term":[{"taxonomy":"category","embeddable":true,"href":"https:\/\/www.egemtv.com\/index.php?rest_route=%2Fwp%2Fv2%2Fcategories&post=84225"},{"taxonomy":"post_tag","embeddable":true,"href":"https:\/\/www.egemtv.com\/index.php?rest_route=%2Fwp%2Fv2%2Ftags&post=84225"}],"curies":[{"name":"wp","href":"https:\/\/api.w.org\/{rel}","templated":true}]}}