{"id":84221,"date":"2026-01-31T10:55:06","date_gmt":"2026-01-31T07:55:06","guid":{"rendered":"https:\/\/www.egemtv.com\/?p=84221"},"modified":"2026-01-31T10:55:07","modified_gmt":"2026-01-31T07:55:07","slug":"kutahya-jasat-ekipleri-5-yildir-aranan-cezaevi-firarisini-balikesirde-yakaladi","status":"publish","type":"post","link":"https:\/\/www.egemtv.com\/?p=84221","title":{"rendered":"K\u00fctahya JASAT ekipleri, 5 y\u0131ld\u0131r aranan cezaevi firarisini Bal\u0131kesir\u2019de yakalad\u0131"},"content":{"rendered":"<p>K\u00fctahya \u0130l Jandarma Komutanl\u0131\u011f\u0131 Jandarma Su\u00e7 Ara\u015ft\u0131rma Timi (JASAT) ekipleri, 2021 y\u0131l\u0131ndan bu yana aranan ve hakk\u0131nda kesinle\u015fmi\u015f hapis cezas\u0131 bulunan cezaevi firarisini Bal\u0131kesir\u2019in Erdek il\u00e7esinde yakalad\u0131.<br \/>\n<br \/>JASAT ve \u0130stihbarat \u015eube M\u00fcd\u00fcrl\u00fc\u011f\u00fc ekiplerince aranan \u015fah\u0131slar\u0131n yakalanmas\u0131na y\u00f6nelik y\u00fcr\u00fct\u00fclen istihbari ve saha \u00e7al\u0131\u015fmalar\u0131 sonucunda; bina i\u00e7inde muhafaza alt\u0131na al\u0131nm\u0131\u015f e\u015fya hakk\u0131nda h\u0131rs\u0131zl\u0131k, h\u00fck\u00fcml\u00fc veya tutuklunun ka\u00e7mas\u0131, resmi belgenin d\u00fczenlenmesinde yalan beyan, ruhsats\u0131z ate\u015fli silah ve mermi bulundurma, trafik g\u00fcvenli\u011fini tehlikeye sokma, basit yaralama, hakaret ve tehdit su\u00e7lar\u0131ndan toplam 7 y\u0131l 16 g\u00fcn kesinle\u015fmi\u015f hapis cezas\u0131 bulunan firarinin yeri tespit edildi.<br \/>\n<br \/>Titiz takip ve \u00e7al\u0131\u015fmalar neticesinde gizlendi\u011fi Bal\u0131kesir\u2019in Erdek il\u00e7esinde d\u00fczenlenen operasyonla yakalanan \u015f\u00fcpheli, g\u00f6zalt\u0131na al\u0131nd\u0131. Adli makamlara sevk edilen \u015fah\u0131s tutuklanarak Band\u0131rma T Tipi Kapal\u0131 Ceza \u0130nfaz Kurumuna teslim edildi.<br \/><\/p>\n","protected":false},"excerpt":{"rendered":"<p>K\u00fctahya \u0130l Jandarma Komutanl\u0131\u011f\u0131 Jandarma Su\u00e7 Ara\u015ft\u0131rma Timi (JASAT) ekipleri, 2021 y\u0131l\u0131ndan bu yana aranan ve hakk\u0131nda kesinle\u015fmi\u015f hapis cezas\u0131 bulunan cezaevi firarisini Bal\u0131kesir\u2019in Erdek il\u00e7esinde yakalad\u0131. JASAT ve \u0130stihbarat \u015eube M\u00fcd\u00fcrl\u00fc\u011f\u00fc ekiplerince aranan \u015fah\u0131slar\u0131n yakalanmas\u0131na y\u00f6nelik y\u00fcr\u00fct\u00fclen istihbari ve saha \u00e7al\u0131\u015fmalar\u0131 sonucunda; bina i\u00e7inde muhafaza alt\u0131na al\u0131nm\u0131\u015f e\u015fya hakk\u0131nda h\u0131rs\u0131zl\u0131k, h\u00fck\u00fcml\u00fc veya tutuklunun ka\u00e7mas\u0131,&#8230;<\/p>\n","protected":false},"author":1,"featured_media":84222,"comment_status":"open","ping_status":"open","sticky":false,"template":"","format":"standard","meta":{"_crdt_document":"","footnotes":""},"categories":[5],"tags":[],"class_list":["post-84221","post","type-post","status-publish","format-standard","has-post-thumbnail","hentry","category-asayis"],"_links":{"self":[{"href":"https:\/\/www.egemtv.com\/index.php?rest_route=\/wp\/v2\/posts\/84221","targetHints":{"allow":["GET"]}}],"collection":[{"href":"https:\/\/www.egemtv.com\/index.php?rest_route=\/wp\/v2\/posts"}],"about":[{"href":"https:\/\/www.egemtv.com\/index.php?rest_route=\/wp\/v2\/types\/post"}],"author":[{"embeddable":true,"href":"https:\/\/www.egemtv.com\/index.php?rest_route=\/wp\/v2\/users\/1"}],"replies":[{"embeddable":true,"href":"https:\/\/www.egemtv.com\/index.php?rest_route=%2Fwp%2Fv2%2Fcomments&post=84221"}],"version-history":[{"count":1,"href":"https:\/\/www.egemtv.com\/index.php?rest_route=\/wp\/v2\/posts\/84221\/revisions"}],"predecessor-version":[{"id":84223,"href":"https:\/\/www.egemtv.com\/index.php?rest_route=\/wp\/v2\/posts\/84221\/revisions\/84223"}],"wp:featuredmedia":[{"embeddable":true,"href":"https:\/\/www.egemtv.com\/index.php?rest_route=\/wp\/v2\/media\/84222"}],"wp:attachment":[{"href":"https:\/\/www.egemtv.com\/index.php?rest_route=%2Fwp%2Fv2%2Fmedia&parent=84221"}],"wp:term":[{"taxonomy":"category","embeddable":true,"href":"https:\/\/www.egemtv.com\/index.php?rest_route=%2Fwp%2Fv2%2Fcategories&post=84221"},{"taxonomy":"post_tag","embeddable":true,"href":"https:\/\/www.egemtv.com\/index.php?rest_route=%2Fwp%2Fv2%2Ftags&post=84221"}],"curies":[{"name":"wp","href":"https:\/\/api.w.org\/{rel}","templated":true}]}}