{"id":84218,"date":"2026-01-31T10:55:05","date_gmt":"2026-01-31T07:55:05","guid":{"rendered":"https:\/\/www.egemtv.com\/?p=84218"},"modified":"2026-01-31T10:55:05","modified_gmt":"2026-01-31T07:55:05","slug":"germencik-belediyesporlu-minikler-tatilde-sahayi-bos-birakmadi","status":"publish","type":"post","link":"https:\/\/www.egemtv.com\/?p=84218","title":{"rendered":"Germencik Belediyesporlu minikler tatilde sahay\u0131 bo\u015f b\u0131rakmad\u0131"},"content":{"rendered":"<p>Germencik Belediyespor\u2019un gen\u00e7 futbolcular\u0131 ara tatilde de antrenmanlar\u0131n\u0131 s\u00fcrd\u00fcr\u00fcrken, Belediye Ba\u015fkan\u0131 Burak Zencirci disiplinli \u00e7al\u0131\u015fman\u0131n gelecekteki ba\u015far\u0131lar\u0131n temelini olu\u015fturdu\u011funu vurgulad\u0131.<\/p>\n<p>Germencik Belediye Ba\u015fkan\u0131 Burak Zencirci, Germencik Belediyespor\u2019un gen\u00e7 futbolcular\u0131n\u0131n ara tatilde de antrenmanlar\u0131na ara vermeden \u00e7al\u0131\u015fmalar\u0131n\u0131 s\u00fcrd\u00fcrd\u00fc\u011f\u00fcn\u00fc belirtti. Tatilin  dinlenmek i\u00e7in \u00f6nemli oldu\u011funu ifade eden Ba\u015fkan Burak Zencirci, buna ra\u011fmen Germencikli \u00e7ocuklar i\u00e7in futbol tutkusunun her \u015feyin \u00f6n\u00fcnde geldi\u011fini vurgulad\u0131. Germencik Belediyespor oyuncular\u0131n\u0131n ara tatilde dahi sahada ter d\u00f6kerek gelece\u011fin y\u0131ld\u0131zlar\u0131 olma yolunda emin ad\u0131mlarla ilerledi\u011fini kaydeden Zencirci, sahada g\u00f6sterilen disiplinin ileride elde edilecek b\u00fcy\u00fck ba\u015far\u0131lar\u0131n temelini olu\u015fturaca\u011f\u0131n\u0131 ifade etti. Gen\u00e7 sporculara ba\u015far\u0131 dileklerini ileten Ba\u015fkan Zencirci, sporun \u00e7ocuklar\u0131n hem fiziksel hem de mental geli\u015fiminde \u00f6nemli bir rol oynad\u0131\u011f\u0131n\u0131 s\u00f6zlerine ekledi.<br \/><\/p>\n","protected":false},"excerpt":{"rendered":"<p>Germencik Belediyespor\u2019un gen\u00e7 futbolcular\u0131 ara tatilde de antrenmanlar\u0131n\u0131 s\u00fcrd\u00fcr\u00fcrken, Belediye Ba\u015fkan\u0131 Burak Zencirci disiplinli \u00e7al\u0131\u015fman\u0131n gelecekteki ba\u015far\u0131lar\u0131n temelini olu\u015fturdu\u011funu vurgulad\u0131. Germencik Belediye Ba\u015fkan\u0131 Burak Zencirci, Germencik Belediyespor\u2019un gen\u00e7 futbolcular\u0131n\u0131n ara tatilde de antrenmanlar\u0131na ara vermeden \u00e7al\u0131\u015fmalar\u0131n\u0131 s\u00fcrd\u00fcrd\u00fc\u011f\u00fcn\u00fc belirtti. Tatilin dinlenmek i\u00e7in \u00f6nemli oldu\u011funu ifade eden Ba\u015fkan Burak Zencirci, buna ra\u011fmen Germencikli \u00e7ocuklar i\u00e7in futbol tutkusunun&#8230;<\/p>\n","protected":false},"author":1,"featured_media":84219,"comment_status":"open","ping_status":"open","sticky":false,"template":"","format":"standard","meta":{"_crdt_document":"","footnotes":""},"categories":[4],"tags":[],"class_list":["post-84218","post","type-post","status-publish","format-standard","has-post-thumbnail","hentry","category-spor"],"_links":{"self":[{"href":"https:\/\/www.egemtv.com\/index.php?rest_route=\/wp\/v2\/posts\/84218","targetHints":{"allow":["GET"]}}],"collection":[{"href":"https:\/\/www.egemtv.com\/index.php?rest_route=\/wp\/v2\/posts"}],"about":[{"href":"https:\/\/www.egemtv.com\/index.php?rest_route=\/wp\/v2\/types\/post"}],"author":[{"embeddable":true,"href":"https:\/\/www.egemtv.com\/index.php?rest_route=\/wp\/v2\/users\/1"}],"replies":[{"embeddable":true,"href":"https:\/\/www.egemtv.com\/index.php?rest_route=%2Fwp%2Fv2%2Fcomments&post=84218"}],"version-history":[{"count":1,"href":"https:\/\/www.egemtv.com\/index.php?rest_route=\/wp\/v2\/posts\/84218\/revisions"}],"predecessor-version":[{"id":84220,"href":"https:\/\/www.egemtv.com\/index.php?rest_route=\/wp\/v2\/posts\/84218\/revisions\/84220"}],"wp:featuredmedia":[{"embeddable":true,"href":"https:\/\/www.egemtv.com\/index.php?rest_route=\/wp\/v2\/media\/84219"}],"wp:attachment":[{"href":"https:\/\/www.egemtv.com\/index.php?rest_route=%2Fwp%2Fv2%2Fmedia&parent=84218"}],"wp:term":[{"taxonomy":"category","embeddable":true,"href":"https:\/\/www.egemtv.com\/index.php?rest_route=%2Fwp%2Fv2%2Fcategories&post=84218"},{"taxonomy":"post_tag","embeddable":true,"href":"https:\/\/www.egemtv.com\/index.php?rest_route=%2Fwp%2Fv2%2Ftags&post=84218"}],"curies":[{"name":"wp","href":"https:\/\/api.w.org\/{rel}","templated":true}]}}