{"id":84215,"date":"2026-01-31T10:55:03","date_gmt":"2026-01-31T07:55:03","guid":{"rendered":"https:\/\/www.egemtv.com\/?p=84215"},"modified":"2026-01-31T10:55:05","modified_gmt":"2026-01-31T07:55:05","slug":"tarim-mudurlugunden-sazlida-hayvan-sagligi-mesaisi","status":"publish","type":"post","link":"https:\/\/www.egemtv.com\/?p=84215","title":{"rendered":"Tar\u0131m M\u00fcd\u00fcrl\u00fc\u011f\u00fc\u2019nden Sazl\u0131\u2019da hayvan sa\u011fl\u0131\u011f\u0131 mesaisi"},"content":{"rendered":"<p>S\u00f6ke \u0130l\u00e7e Tar\u0131m ve Orman M\u00fcd\u00fcrl\u00fc\u011f\u00fc ekipleri taraf\u0131ndan Sazl\u0131 Mahallesi\u2019nde bulunan koyunculuk i\u015fletmesindeki kuzulara k\u00fcpeleme i\u015flemi yap\u0131larak veba hastal\u0131\u011f\u0131na kar\u015f\u0131 a\u015f\u0131 uyguland\u0131.<\/p>\n<p>S\u00f6ke \u0130l\u00e7e Tar\u0131m ve Orman M\u00fcd\u00fcrl\u00fc\u011f\u00fc ekipleri taraf\u0131ndan hayvan sa\u011fl\u0131\u011f\u0131n\u0131n korunmas\u0131na y\u00f6nelik \u00e7al\u0131\u015fmalar aral\u0131ks\u0131z s\u00fcrd\u00fcr\u00fcl\u00fcyor. Bu kapsamda S\u00f6ke\u2019nin Sazl\u0131 Mahallesi\u2019nde faaliyet g\u00f6steren bir koyunculuk i\u015fletmesinde bulunan kuzulara y\u00f6nelik k\u00fcpeleme ve a\u015f\u0131lama uygulamas\u0131 ger\u00e7ekle\u015ftirildi. Ekiplerce yap\u0131lan \u00e7al\u0131\u015fmada, kuzular kimliklendirilerek kay\u0131t alt\u0131na al\u0131n\u0131rken, hayvanlarda ciddi ekonomik kay\u0131plara yol a\u00e7abilen veba hastal\u0131\u011f\u0131na kar\u015f\u0131 da koruyucu a\u015f\u0131 uyguland\u0131. \u0130l\u00e7e Tar\u0131m ve Orman M\u00fcd\u00fcrl\u00fc\u011f\u00fc\u2019nden yap\u0131lan bilgilendirmede, hayvan hastal\u0131klar\u0131yla m\u00fccadelenin etkin \u015fekilde s\u00fcrd\u00fcr\u00fcld\u00fc\u011f\u00fc belirtilerek, yeti\u015ftiricilerin hem hayvan sa\u011fl\u0131\u011f\u0131 hem de \u00fclke hayvanc\u0131l\u0131\u011f\u0131 a\u00e7\u0131s\u0131ndan yap\u0131lan \u00e7al\u0131\u015fmalara destek vermesinin b\u00fcy\u00fck \u00f6nem ta\u015f\u0131d\u0131\u011f\u0131 vurguland\u0131.<br \/><\/p>\n","protected":false},"excerpt":{"rendered":"<p>S\u00f6ke \u0130l\u00e7e Tar\u0131m ve Orman M\u00fcd\u00fcrl\u00fc\u011f\u00fc ekipleri taraf\u0131ndan Sazl\u0131 Mahallesi\u2019nde bulunan koyunculuk i\u015fletmesindeki kuzulara k\u00fcpeleme i\u015flemi yap\u0131larak veba hastal\u0131\u011f\u0131na kar\u015f\u0131 a\u015f\u0131 uyguland\u0131. S\u00f6ke \u0130l\u00e7e Tar\u0131m ve Orman M\u00fcd\u00fcrl\u00fc\u011f\u00fc ekipleri taraf\u0131ndan hayvan sa\u011fl\u0131\u011f\u0131n\u0131n korunmas\u0131na y\u00f6nelik \u00e7al\u0131\u015fmalar aral\u0131ks\u0131z s\u00fcrd\u00fcr\u00fcl\u00fcyor. Bu kapsamda S\u00f6ke\u2019nin Sazl\u0131 Mahallesi\u2019nde faaliyet g\u00f6steren bir koyunculuk i\u015fletmesinde bulunan kuzulara y\u00f6nelik k\u00fcpeleme ve a\u015f\u0131lama uygulamas\u0131 ger\u00e7ekle\u015ftirildi&#8230;.<\/p>\n","protected":false},"author":1,"featured_media":84216,"comment_status":"open","ping_status":"open","sticky":false,"template":"","format":"standard","meta":{"_crdt_document":"","footnotes":""},"categories":[1],"tags":[],"class_list":["post-84215","post","type-post","status-publish","format-standard","has-post-thumbnail","hentry","category-guncel"],"_links":{"self":[{"href":"https:\/\/www.egemtv.com\/index.php?rest_route=\/wp\/v2\/posts\/84215","targetHints":{"allow":["GET"]}}],"collection":[{"href":"https:\/\/www.egemtv.com\/index.php?rest_route=\/wp\/v2\/posts"}],"about":[{"href":"https:\/\/www.egemtv.com\/index.php?rest_route=\/wp\/v2\/types\/post"}],"author":[{"embeddable":true,"href":"https:\/\/www.egemtv.com\/index.php?rest_route=\/wp\/v2\/users\/1"}],"replies":[{"embeddable":true,"href":"https:\/\/www.egemtv.com\/index.php?rest_route=%2Fwp%2Fv2%2Fcomments&post=84215"}],"version-history":[{"count":1,"href":"https:\/\/www.egemtv.com\/index.php?rest_route=\/wp\/v2\/posts\/84215\/revisions"}],"predecessor-version":[{"id":84217,"href":"https:\/\/www.egemtv.com\/index.php?rest_route=\/wp\/v2\/posts\/84215\/revisions\/84217"}],"wp:featuredmedia":[{"embeddable":true,"href":"https:\/\/www.egemtv.com\/index.php?rest_route=\/wp\/v2\/media\/84216"}],"wp:attachment":[{"href":"https:\/\/www.egemtv.com\/index.php?rest_route=%2Fwp%2Fv2%2Fmedia&parent=84215"}],"wp:term":[{"taxonomy":"category","embeddable":true,"href":"https:\/\/www.egemtv.com\/index.php?rest_route=%2Fwp%2Fv2%2Fcategories&post=84215"},{"taxonomy":"post_tag","embeddable":true,"href":"https:\/\/www.egemtv.com\/index.php?rest_route=%2Fwp%2Fv2%2Ftags&post=84215"}],"curies":[{"name":"wp","href":"https:\/\/api.w.org\/{rel}","templated":true}]}}