{"id":84212,"date":"2026-01-31T10:55:02","date_gmt":"2026-01-31T07:55:02","guid":{"rendered":"https:\/\/www.egemtv.com\/?p=84212"},"modified":"2026-01-31T10:55:03","modified_gmt":"2026-01-31T07:55:03","slug":"agla-orman-isletme-sefligi-koycegiz-kaymakami-kumcuyu-agirladi","status":"publish","type":"post","link":"https:\/\/www.egemtv.com\/?p=84212","title":{"rendered":"A\u011fla Orman \u0130\u015fletme \u015eefli\u011fi K\u00f6yce\u011fiz Kaymakam\u0131 Kumcu\u2019yu a\u011f\u0131rlad\u0131"},"content":{"rendered":"<p>Mu\u011fla\u2019n\u0131n K\u00f6yce\u011fiz il\u00e7esi Kaymakam\u0131 Mert Kumcu, kurum ziyaretleri kapsam\u0131nda A\u011fla Orman \u0130\u015fletme \u015eefli\u011fini ziyaret etti.<\/p>\n<p>A\u011fla Orman \u0130\u015fletme \u015eefi Ahmet An\u0131l Uygun\u2019dan y\u00fcr\u00fct\u00fclen \u00e7al\u0131\u015fmalar hakk\u0131nda bilgi alan Kaymakam Mert Kumcu, sahada g\u00f6rev yapan personelle de g\u00f6r\u00fc\u015ferek talep ve ihtiya\u00e7lar\u0131n\u0131 dinledi. Ge\u00e7en y\u0131l y\u00fcr\u00fct\u00fclen faaliyetler ile yakla\u015fan yeni sezona y\u00f6nelik haz\u0131rl\u0131klar \u00fczerine kapsaml\u0131 de\u011ferlendirmelerde bulunuldu. Ormanlar\u0131n korunmas\u0131, yang\u0131nla m\u00fccadele haz\u0131rl\u0131klar\u0131 ve b\u00f6lgedeki ormanc\u0131l\u0131k \u00e7al\u0131\u015fmalar\u0131n\u0131n g\u00fc\u00e7lendirilmesine ili\u015fkin konular ele al\u0131nd\u0131. Ayr\u0131ca A\u011fla Yaylas\u0131 G\u00f6k\u00e7eova Mevkiinde d\u00fczenlenmesi d\u00fc\u015f\u00fcn\u00fclen kar festivali ile ilgili isti\u015fare yap\u0131ld\u0131. Kaymakam Mert Kumcu, \u00f6zveriyle g\u00f6rev yapan t\u00fcm personele te\u015fekk\u00fcr ederek \u00e7al\u0131\u015fmalar\u0131nda ba\u015far\u0131lar diledi.<br \/><\/p>\n","protected":false},"excerpt":{"rendered":"<p>Mu\u011fla\u2019n\u0131n K\u00f6yce\u011fiz il\u00e7esi Kaymakam\u0131 Mert Kumcu, kurum ziyaretleri kapsam\u0131nda A\u011fla Orman \u0130\u015fletme \u015eefli\u011fini ziyaret etti. A\u011fla Orman \u0130\u015fletme \u015eefi Ahmet An\u0131l Uygun\u2019dan y\u00fcr\u00fct\u00fclen \u00e7al\u0131\u015fmalar hakk\u0131nda bilgi alan Kaymakam Mert Kumcu, sahada g\u00f6rev yapan personelle de g\u00f6r\u00fc\u015ferek talep ve ihtiya\u00e7lar\u0131n\u0131 dinledi. Ge\u00e7en y\u0131l y\u00fcr\u00fct\u00fclen faaliyetler ile yakla\u015fan yeni sezona y\u00f6nelik haz\u0131rl\u0131klar \u00fczerine kapsaml\u0131 de\u011ferlendirmelerde bulunuldu. Ormanlar\u0131n&#8230;<\/p>\n","protected":false},"author":1,"featured_media":84213,"comment_status":"open","ping_status":"open","sticky":false,"template":"","format":"standard","meta":{"_crdt_document":"","footnotes":""},"categories":[1],"tags":[],"class_list":["post-84212","post","type-post","status-publish","format-standard","has-post-thumbnail","hentry","category-guncel"],"_links":{"self":[{"href":"https:\/\/www.egemtv.com\/index.php?rest_route=\/wp\/v2\/posts\/84212","targetHints":{"allow":["GET"]}}],"collection":[{"href":"https:\/\/www.egemtv.com\/index.php?rest_route=\/wp\/v2\/posts"}],"about":[{"href":"https:\/\/www.egemtv.com\/index.php?rest_route=\/wp\/v2\/types\/post"}],"author":[{"embeddable":true,"href":"https:\/\/www.egemtv.com\/index.php?rest_route=\/wp\/v2\/users\/1"}],"replies":[{"embeddable":true,"href":"https:\/\/www.egemtv.com\/index.php?rest_route=%2Fwp%2Fv2%2Fcomments&post=84212"}],"version-history":[{"count":1,"href":"https:\/\/www.egemtv.com\/index.php?rest_route=\/wp\/v2\/posts\/84212\/revisions"}],"predecessor-version":[{"id":84214,"href":"https:\/\/www.egemtv.com\/index.php?rest_route=\/wp\/v2\/posts\/84212\/revisions\/84214"}],"wp:featuredmedia":[{"embeddable":true,"href":"https:\/\/www.egemtv.com\/index.php?rest_route=\/wp\/v2\/media\/84213"}],"wp:attachment":[{"href":"https:\/\/www.egemtv.com\/index.php?rest_route=%2Fwp%2Fv2%2Fmedia&parent=84212"}],"wp:term":[{"taxonomy":"category","embeddable":true,"href":"https:\/\/www.egemtv.com\/index.php?rest_route=%2Fwp%2Fv2%2Fcategories&post=84212"},{"taxonomy":"post_tag","embeddable":true,"href":"https:\/\/www.egemtv.com\/index.php?rest_route=%2Fwp%2Fv2%2Ftags&post=84212"}],"curies":[{"name":"wp","href":"https:\/\/api.w.org\/{rel}","templated":true}]}}