{"id":84209,"date":"2026-01-31T10:55:01","date_gmt":"2026-01-31T07:55:01","guid":{"rendered":"https:\/\/www.egemtv.com\/?p=84209"},"modified":"2026-01-31T10:55:02","modified_gmt":"2026-01-31T07:55:02","slug":"muglaya-25-milyar-tlye-ulasin-egitim-yatirimi","status":"publish","type":"post","link":"https:\/\/www.egemtv.com\/?p=84209","title":{"rendered":"Mu\u011fla\u2019ya 2,5 milyar TL\u2019ye ula\u015f\u0131n e\u011fitim yat\u0131r\u0131m\u0131"},"content":{"rendered":"<p>Mu\u011fla\u2019da Milli E\u011fitim Bakanl\u0131\u011f\u0131 taraf\u0131ndan sa\u011flanan \u00f6denekler ve Mu\u011fla Valili koordinasyonunda Mu\u011fla genelinde hayata ge\u00e7irilecek ve toplam b\u00fcy\u00fckl\u00fc\u011f\u00fc 2,5 milyar TL\u2019ye ula\u015fan e\u011fitim yat\u0131r\u0131mlar\u0131 ile Mu\u011fla\u2019n\u0131n e\u011fitim vizyonunun ileriye ta\u015f\u0131nmas\u0131 hedefleniyor.<br \/>\n<br \/>Mu\u011fla\u2019n\u0131n e\u011fitim vizyonunu daha ileriye ta\u015f\u0131yacak yat\u0131r\u0131m program\u0131 kapsam\u0131nda; 16 dershaneli Bodrum Akyarlar \u0130lkokulu, 15 dershaneli H\u00fcseyin Boyac\u0131 \u0130lkokulu, 4 dershaneli \u015e. Bar\u0131\u015f Akay Anaokulu, 15 dershaneli Dalaman Atakent Ortaokulu, Fethiye 8 dershaneli Gazi Anaokulu, 16 dershaneli Gazi \u0130lkokulu,  16 dershaneli Gazi Ortaokulu ve 16 dershaneli Patlang\u0131\u00e7 \u0130lkokulu.<br \/>\n<br \/>E\u011fitim yat\u0131r\u0131mlar\u0131nda K\u00f6yce\u011fiz il\u00e7esinde 8 dershaneli D\u00f6\u011f\u00fc\u015fbelen Ortaokulu ve 4 dershaneli Nusret Akba\u015f \u0130lkokulu. Marmaris il\u00e7esinde 16 dershaneli Aksaz Ortaokulu, Mente\u015fe\u2019de 16 dershaneli \u015eehit \u0130brahim Karao\u011flano\u011flu Ortaokulu ve 24 dershaneli \u015eehbal Baydur Ortaokulu. Milas\u2019ta 24 dershaneli Dr. Mete Ersoy \u0130lkokulu, 24 dershaneli Semiha Altunkan \u0130lkokulu, Ortaca il\u00e7esinde 20 dershaneli Naciye T\u0131naztepe Ortaokulu ve 4 dershaneli Yerbelen \u0130lkokulu, Ula\u2019da16 dershaneli Atat\u00fcrk \u0130lkokulu, 12 dershaneli Atat\u00fcrk Ortaokulu olmak \u00fczere toplam 276 dershaneden olu\u015fan 19 yeni okul binas\u0131 in\u015fa edilecek.<br \/>\n<br \/>Dershanelerin yan\u0131 s\u0131ra laboratuvarlar, \u00e7ok ama\u00e7l\u0131 salonlar, k\u00fct\u00fcphaneler, at\u00f6lyeler ve sosyal alanlar\u0131 i\u00e7eren modern e\u011fitim yap\u0131lar\u0131yla \u00f6\u011frencilerin akademik, sosyal ve k\u00fclt\u00fcrel geli\u015fimleri b\u00fct\u00fcnc\u00fcl bir yakla\u015f\u0131mla desteklenece\u011fi a\u00e7\u0131kland\u0131.<br \/>\n<br \/>Mu\u011fla Valili\u011fi koordinasyonunda \u2018T\u00fcrkiye Y\u00fczy\u0131l\u0131\u2019 vizyonu do\u011frultusunda g\u00fc\u00e7l\u00fc bir e\u011fitim altyap\u0131s\u0131n\u0131n olu\u015fturulmas\u0131 hedefiyle \u0130l Yat\u0131r\u0131m Program\u0131 kapsam\u0131nda in\u015fa edilecek 2,5 milyar TL yat\u0131r\u0131m b\u00fcy\u00fckl\u00fc\u011f\u00fcne ve 276 dershaneden anaokulu, ilkokul ve ortaokul binalar\u0131ndan olu\u015fan e\u011fitim yat\u0131r\u0131mlar\u0131n\u0131n yan\u0131 s\u0131ra, Devlet Yat\u0131r\u0131m Program\u0131 kapsam\u0131nda in\u015fa edilmesi planlanan ve onay s\u00fcrecindeki lise binas\u0131 projelerine ili\u015fkin s\u00fcre\u00e7ler de yak\u0131ndan takip edildi\u011fi a\u00e7\u0131kland\u0131.<br \/>\n<br \/>E\u011fitime y\u00f6nelik yat\u0131r\u0131mlar\u0131n kararl\u0131l\u0131kla s\u00fcrd\u00fcr\u00fclece\u011fini, \u00e7ocuklar\u0131n g\u00fcvenli, modern ve nitelikli e\u011fitim ortamlar\u0131nda e\u011fitim g\u00f6rmelerinin, en temel \u00f6nceliklerden oldu\u011funu belirten Mu\u011fla Valisi Dr. \u0130dris Akb\u0131y\u0131k; Mu\u011fla\u2019da e\u011fitim yat\u0131r\u0131mlar\u0131n\u0131n ilgili t\u00fcm kurumlar\u0131m\u0131zla g\u00fc\u00e7l\u00fc bir i\u015f birli\u011fi i\u00e7erisinde, planl\u0131 bir \u015fekilde s\u00fcrd\u00fcr\u00fcld\u00fc\u011f\u00fcn\u00fc ifade etti.<br \/>\n<br \/>Vali Akb\u0131y\u0131k, bu \u00f6nemli yat\u0131r\u0131mlar\u0131n Mu\u011fla e\u011fitimine kazand\u0131r\u0131lmas\u0131nda sunduklar\u0131 g\u00fc\u00e7l\u00fc destek ve katk\u0131lar dolay\u0131s\u0131yla, Cumhurba\u015fkan\u0131 Recep Tayyip Erdo\u011fan ba\u015fta olmak \u00fczere, Mill\u00ee E\u011fitim Bakan\u0131 Yusuf Tekin\u2019e te\u015fekk\u00fcr etti.<br \/><\/p>\n","protected":false},"excerpt":{"rendered":"<p>Mu\u011fla\u2019da Milli E\u011fitim Bakanl\u0131\u011f\u0131 taraf\u0131ndan sa\u011flanan \u00f6denekler ve Mu\u011fla Valili koordinasyonunda Mu\u011fla genelinde hayata ge\u00e7irilecek ve toplam b\u00fcy\u00fckl\u00fc\u011f\u00fc 2,5 milyar TL\u2019ye ula\u015fan e\u011fitim yat\u0131r\u0131mlar\u0131 ile Mu\u011fla\u2019n\u0131n e\u011fitim vizyonunun ileriye ta\u015f\u0131nmas\u0131 hedefleniyor. Mu\u011fla\u2019n\u0131n e\u011fitim vizyonunu daha ileriye ta\u015f\u0131yacak yat\u0131r\u0131m program\u0131 kapsam\u0131nda; 16 dershaneli Bodrum Akyarlar \u0130lkokulu, 15 dershaneli H\u00fcseyin Boyac\u0131 \u0130lkokulu, 4 dershaneli \u015e. Bar\u0131\u015f Akay&#8230;<\/p>\n","protected":false},"author":1,"featured_media":84210,"comment_status":"open","ping_status":"open","sticky":false,"template":"","format":"standard","meta":{"_crdt_document":"","footnotes":""},"categories":[125],"tags":[],"class_list":["post-84209","post","type-post","status-publish","format-standard","has-post-thumbnail","hentry","category-ekonomi"],"_links":{"self":[{"href":"https:\/\/www.egemtv.com\/index.php?rest_route=\/wp\/v2\/posts\/84209","targetHints":{"allow":["GET"]}}],"collection":[{"href":"https:\/\/www.egemtv.com\/index.php?rest_route=\/wp\/v2\/posts"}],"about":[{"href":"https:\/\/www.egemtv.com\/index.php?rest_route=\/wp\/v2\/types\/post"}],"author":[{"embeddable":true,"href":"https:\/\/www.egemtv.com\/index.php?rest_route=\/wp\/v2\/users\/1"}],"replies":[{"embeddable":true,"href":"https:\/\/www.egemtv.com\/index.php?rest_route=%2Fwp%2Fv2%2Fcomments&post=84209"}],"version-history":[{"count":1,"href":"https:\/\/www.egemtv.com\/index.php?rest_route=\/wp\/v2\/posts\/84209\/revisions"}],"predecessor-version":[{"id":84211,"href":"https:\/\/www.egemtv.com\/index.php?rest_route=\/wp\/v2\/posts\/84209\/revisions\/84211"}],"wp:featuredmedia":[{"embeddable":true,"href":"https:\/\/www.egemtv.com\/index.php?rest_route=\/wp\/v2\/media\/84210"}],"wp:attachment":[{"href":"https:\/\/www.egemtv.com\/index.php?rest_route=%2Fwp%2Fv2%2Fmedia&parent=84209"}],"wp:term":[{"taxonomy":"category","embeddable":true,"href":"https:\/\/www.egemtv.com\/index.php?rest_route=%2Fwp%2Fv2%2Fcategories&post=84209"},{"taxonomy":"post_tag","embeddable":true,"href":"https:\/\/www.egemtv.com\/index.php?rest_route=%2Fwp%2Fv2%2Ftags&post=84209"}],"curies":[{"name":"wp","href":"https:\/\/api.w.org\/{rel}","templated":true}]}}