{"id":84206,"date":"2026-01-31T10:35:04","date_gmt":"2026-01-31T07:35:04","guid":{"rendered":"https:\/\/www.egemtv.com\/?p=84206"},"modified":"2026-01-31T10:35:05","modified_gmt":"2026-01-31T07:35:05","slug":"afyonkarahisar-yeni-gune-yagisli-hava-ile-basladi","status":"publish","type":"post","link":"https:\/\/www.egemtv.com\/?p=84206","title":{"rendered":"Afyonkarahisar yeni g\u00fcne ya\u011f\u0131\u015fl\u0131 hava ile ba\u015flad\u0131"},"content":{"rendered":"<p>Afyonkarahisar\u2019da meteorolojinin uyar\u0131lar\u0131 sonras\u0131 beklenen ya\u011f\u0131\u015f gece ge\u00e7 saatlerde ba\u015flad\u0131.<br \/>\n<br \/>Kentte gece ba\u015flayan ya\u011fmur ya\u011f\u0131\u015f\u0131 Sabah saatlerinde etkili oldu. Ya\u011f\u0131\u015ftan dolay\u0131 \u00f6zellikle s\u00fcr\u00fcc\u00fcler zaman zaman trafikte ilerlemekte g\u00fc\u00e7l\u00fck \u00e7ekerken, bir\u00e7ok vatanda\u015f\u0131n ise meteorolojinin uyar\u0131lar\u0131na dikkate alarak \u015femsiyesiz soka\u011fa \u00e7\u0131kmad\u0131klar\u0131 g\u00f6zlendi.<br \/>\n<br \/>Meteorolojik verilere g\u00f6re ya\u011f\u0131\u015f\u0131n g\u00fcn boyu aral\u0131klarla devam etmesi bekleniyor.<br \/><\/p>\n","protected":false},"excerpt":{"rendered":"<p>Afyonkarahisar\u2019da meteorolojinin uyar\u0131lar\u0131 sonras\u0131 beklenen ya\u011f\u0131\u015f gece ge\u00e7 saatlerde ba\u015flad\u0131. Kentte gece ba\u015flayan ya\u011fmur ya\u011f\u0131\u015f\u0131 Sabah saatlerinde etkili oldu. Ya\u011f\u0131\u015ftan dolay\u0131 \u00f6zellikle s\u00fcr\u00fcc\u00fcler zaman zaman trafikte ilerlemekte g\u00fc\u00e7l\u00fck \u00e7ekerken, bir\u00e7ok vatanda\u015f\u0131n ise meteorolojinin uyar\u0131lar\u0131na dikkate alarak \u015femsiyesiz soka\u011fa \u00e7\u0131kmad\u0131klar\u0131 g\u00f6zlendi. Meteorolojik verilere g\u00f6re ya\u011f\u0131\u015f\u0131n g\u00fcn boyu aral\u0131klarla devam etmesi bekleniyor.<\/p>\n","protected":false},"author":1,"featured_media":84207,"comment_status":"open","ping_status":"open","sticky":false,"template":"","format":"standard","meta":{"_crdt_document":"","footnotes":""},"categories":[1],"tags":[],"class_list":["post-84206","post","type-post","status-publish","format-standard","has-post-thumbnail","hentry","category-guncel"],"_links":{"self":[{"href":"https:\/\/www.egemtv.com\/index.php?rest_route=\/wp\/v2\/posts\/84206","targetHints":{"allow":["GET"]}}],"collection":[{"href":"https:\/\/www.egemtv.com\/index.php?rest_route=\/wp\/v2\/posts"}],"about":[{"href":"https:\/\/www.egemtv.com\/index.php?rest_route=\/wp\/v2\/types\/post"}],"author":[{"embeddable":true,"href":"https:\/\/www.egemtv.com\/index.php?rest_route=\/wp\/v2\/users\/1"}],"replies":[{"embeddable":true,"href":"https:\/\/www.egemtv.com\/index.php?rest_route=%2Fwp%2Fv2%2Fcomments&post=84206"}],"version-history":[{"count":1,"href":"https:\/\/www.egemtv.com\/index.php?rest_route=\/wp\/v2\/posts\/84206\/revisions"}],"predecessor-version":[{"id":84208,"href":"https:\/\/www.egemtv.com\/index.php?rest_route=\/wp\/v2\/posts\/84206\/revisions\/84208"}],"wp:featuredmedia":[{"embeddable":true,"href":"https:\/\/www.egemtv.com\/index.php?rest_route=\/wp\/v2\/media\/84207"}],"wp:attachment":[{"href":"https:\/\/www.egemtv.com\/index.php?rest_route=%2Fwp%2Fv2%2Fmedia&parent=84206"}],"wp:term":[{"taxonomy":"category","embeddable":true,"href":"https:\/\/www.egemtv.com\/index.php?rest_route=%2Fwp%2Fv2%2Fcategories&post=84206"},{"taxonomy":"post_tag","embeddable":true,"href":"https:\/\/www.egemtv.com\/index.php?rest_route=%2Fwp%2Fv2%2Ftags&post=84206"}],"curies":[{"name":"wp","href":"https:\/\/api.w.org\/{rel}","templated":true}]}}