{"id":84200,"date":"2026-01-31T10:35:02","date_gmt":"2026-01-31T07:35:02","guid":{"rendered":"https:\/\/www.egemtv.com\/?p=84200"},"modified":"2026-01-31T10:35:03","modified_gmt":"2026-01-31T07:35:03","slug":"ciftciye-buzagi-kiti-ve-dezenfektan-destegi","status":"publish","type":"post","link":"https:\/\/www.egemtv.com\/?p=84200","title":{"rendered":"\u00c7ift\u00e7iye buza\u011f\u0131 kiti ve dezenfektan deste\u011fi"},"content":{"rendered":"<p>\u0130zmir B\u00fcy\u00fck\u015fehir Belediyesi, yakla\u015f\u0131k 1 milyon b\u00fcy\u00fckba\u015f hayvan varl\u0131\u011f\u0131yla T\u00fcrkiye\u2019nin lider \u015fehri \u0130zmir\u2019de \u015fap hastal\u0131\u011f\u0131 ve artan buza\u011f\u0131 \u00f6l\u00fcmlerine kar\u015f\u0131 harekete ge\u00e7ti. B\u00fcy\u00fckba\u015f hayvanc\u0131l\u0131kla ge\u00e7imini sa\u011flayan 3 bin 500 \u00e7ift\u00e7iye ba\u011f\u0131\u015f\u0131kl\u0131\u011f\u0131 g\u00fc\u00e7lendirecek \u00fcr\u00fcnlerin yer ald\u0131\u011f\u0131 buza\u011f\u0131 kiti ve dezenfektan da\u011f\u0131t\u0131m\u0131 yap\u0131ld\u0131. K\u0131n\u0131k\u2019tan ba\u015flayan da\u011f\u0131t\u0131mlar di\u011fer il\u00e7elerde devam ederken, \u00e7ift\u00e7iler hastal\u0131klara kar\u015f\u0131 bilgilendirildi.<br \/>\n<br \/>\u0130zmir B\u00fcy\u00fck\u015fehir Belediyesi, artan girdi maliyetlerinin yan\u0131 s\u0131ra \u015fap hastal\u0131\u011f\u0131 ve buza\u011f\u0131 \u00f6l\u00fcmleriyle m\u00fccadele eden \u00e7ift\u00e7ileri yaln\u0131z b\u0131rakmad\u0131. Tar\u0131msal Hizmetler Dairesi Ba\u015fkanl\u0131\u011f\u0131, kentin et ve s\u00fct varl\u0131\u011f\u0131n\u0131 tehdit eden hastal\u0131klarla m\u00fccadele i\u00e7in b\u00fcy\u00fckba\u015f hayvanc\u0131l\u0131\u011f\u0131n yo\u011fun oldu\u011fu il\u00e7elerdeki \u00e7ift\u00e7ilere dezenfektan ve buza\u011f\u0131 kiti deste\u011finde bulundu.<br \/>\n<br \/>K\u0131n\u0131k\u2019ta ba\u015flat\u0131lan da\u011f\u0131t\u0131mlarda buza\u011f\u0131lar\u0131n hijyenini ve ba\u011f\u0131\u015f\u0131kl\u0131\u011f\u0131n\u0131 art\u0131rmaya y\u00f6nelik haz\u0131rlanan paketler \u00e7ift\u00e7ilere ula\u015ft\u0131r\u0131ld\u0131.  Haz\u0131rlanan kitlerde biberon, emzik, g\u00f6bek klipsi, ba\u011f\u0131\u015f\u0131kl\u0131k sistemini destekleyici a\u011f\u0131z pastas\u0131, sa\u011f\u0131m \u00f6ncesi ve sonras\u0131 meme dald\u0131rma kab\u0131, meme dezenfektan\u0131, kova ve toz dezenfektana yer verildi. T\u00fcrkiye\u2019nin s\u00fct \u00fcretiminde lider kenti \u0130zmir\u2019de, Beyda\u011f, Bay\u0131nd\u0131r, \u00d6demi\u015f, Tire, Kiraz ba\u015fta olmak \u00fczere b\u00fcy\u00fckba\u015f hayvanc\u0131l\u0131\u011f\u0131n yo\u011fun oldu\u011fu il\u00e7elerdeki toplam 3 bin 500 \u00e7ift\u00e7iye buza\u011f\u0131 kiti deste\u011fi sa\u011fland\u0131.<\/p>\n<p>Buza\u011f\u0131 \u00f6l\u00fcmleri T\u00fcrkiye\u2019de y\u00fczde 20 oran\u0131nda<br \/>\n<br \/>Uygulama hakk\u0131nda bilgi veren \u0130zmir B\u00fcy\u00fck\u015fehir Belediyesi Tar\u0131msal Hizmetler Dairesi Ba\u015fkan\u0131 B\u00fclent \u00dcng\u00fcr, \u015fap hastal\u0131\u011f\u0131 ve buza\u011f\u0131 \u00f6l\u00fcmlerine dikkat \u00e7ekerek, &#8220;\u015eap hastal\u0131\u011f\u0131, \u00e7ift t\u0131rnakl\u0131larda g\u00f6r\u00fclen son derece bula\u015f\u0131c\u0131 bir hastal\u0131kt\u0131r. Et ve s\u00fct \u00fcr\u00fcnlerinde d\u00fc\u015f\u00fc\u015flere ve ciddi ticari k\u0131s\u0131tlamalara neden olmaktad\u0131r. \u0130zmir B\u00fcy\u00fck\u015fehir Belediyesi olarak, \u00f6ncelikli hedefimiz, \u00fclkemizde ve ilimizde yo\u011fun olarak g\u00f6r\u00fclen \u015fap hastal\u0131\u011f\u0131na kar\u015f\u0131 bir \u00f6nlem almakt\u0131. Bunun d\u0131\u015f\u0131nda, buza\u011f\u0131 kay\u0131plar\u0131 ise \u00fclkemizin en b\u00fcy\u00fck problemlerinden birisi. Buza\u011f\u0131 kay\u0131plar\u0131nda \u00f6l\u00fcm oran\u0131 d\u00fcnyada y\u00fczde 3-4\u2019lerdeyken T\u00fcrkiye\u2019de bu oran maalesef y\u00fczde 15-20\u2019lerde. Bu oran\u0131n bu kadar y\u00fcksek olmas\u0131n\u0131n en \u00f6nemli sebeplerinden birisi, buza\u011f\u0131lar\u0131n do\u011fduktan sonra bak\u0131mlar\u0131n\u0131n yeterince hijyenik ortamlarda yap\u0131lmamas\u0131 ve ba\u011f\u0131\u015f\u0131kl\u0131k sistemlerinde eksiklikler olmas\u0131&#8221; diye konu\u015ftu.<\/p>\n<p>&#8220;Buza\u011f\u0131 kitinin yan\u0131nda \u00e7ift\u00e7iyi hastal\u0131klara kar\u015f\u0131 e\u011fitiyoruz&#8221;<br \/>\n<br \/>\u0130zmir B\u00fcy\u00fck\u015fehir Belediye Ba\u015fkan\u0131 Dr. Cemil Tugay\u2019\u0131n talimat\u0131yla \u015fap hastal\u0131\u011f\u0131 ve buza\u011f\u0131 \u00f6l\u00fcmlerine kar\u015f\u0131 h\u0131zl\u0131 bir \u00f6nlem ald\u0131klar\u0131n\u0131 ifade eden B\u00fclent \u00dcng\u00fcr, &#8220;Haz\u0131rlad\u0131\u011f\u0131m\u0131z buza\u011f\u0131 kitlerini ve toz dezenfektanlar\u0131n\u0131 \u00fcreticilerimize ula\u015ft\u0131rmak i\u00e7in da\u011f\u0131t\u0131ma ba\u015flad\u0131k. \u0130zmir\u2019de yakla\u015f\u0131k 1 milyon civar\u0131nda b\u00fcy\u00fckba\u015f hayvan var. B\u00fcy\u00fckba\u015f hayvan varl\u0131\u011f\u0131yla T\u00fcrkiye\u2019nin lider \u015fehirlerinden biri olan \u0130zmir\u2019imizde, \u00f6zellikle et ve s\u00fct veriminde d\u00fc\u015f\u00fc\u015fe yol a\u00e7an bu hastal\u0131\u011fa kar\u015f\u0131 \u00f6nlem almam\u0131z gerekiyor. Bundan dolay\u0131 da K\u0131n\u0131k il\u00e7emizde ba\u015flad\u0131\u011f\u0131m\u0131z buza\u011f\u0131 kiti da\u011f\u0131t\u0131m\u0131na \u0130zmir\u2019in di\u011fer il\u00e7elerinde de devam edece\u011fiz. Buza\u011f\u0131 kitiyle birlikte, \u00e7ift\u00e7ilerimizi bu konuda e\u011fitiyoruz ve bilgilendiriyoruz. Haz\u0131rlad\u0131\u011f\u0131m\u0131z bro\u015f\u00fcrlerle de buza\u011f\u0131 kiti i\u00e7eri\u011finin nas\u0131l kullan\u0131laca\u011f\u0131na dair bilgilendirme yap\u0131yoruz&#8221; dedi.<\/p>\n<p>&#8220;\u00dcretim yapmak \u015fu an zor&#8221;<br \/>\n<br \/>K\u0131n\u0131k Osmaniye Mahalle Muhtar\u0131 G\u00fcl\u015fen P\u0131nar ise yap\u0131lan \u00e7al\u0131\u015fmadan duydu\u011fu memnuniyeti dile getirerek, &#8220;\u00c7ok iyi bir \u00e7al\u0131\u015fma oldu. \u015eap hastal\u0131\u011f\u0131 olduk\u00e7a yayg\u0131n. Bu nedenle k\u00f6ylerimiz ve hayvan yeti\u015ftiricilerimiz i\u00e7in \u00e7ok faydal\u0131 oldu, te\u015fekk\u00fcr ediyoruz. Desteklerin \u00f6zellikle k\u00fc\u00e7\u00fck \u00fcreticilere y\u00f6nelik olmas\u0131 \u00e7ok daha anlaml\u0131. \u015eap hastal\u0131\u011f\u0131 da ilerlemi\u015f durumda. Bu destekler ger\u00e7ekten \u00e7ok iyi oldu&#8221; dedi.<\/p>\n<p>&#8220;\u015eap \u015fu an her taraf\u0131m\u0131z\u0131 sard\u0131&#8221;<br \/>\n<br \/>K\u0131n\u0131k Koca\u00f6mer Mahalle Muhtar\u0131 Hasan Y\u0131ld\u0131z da desteklerden memnuniyet duyduklar\u0131n\u0131 belirterek, &#8220;\u00c7ok g\u00fczel destekler. Daha \u00f6nce de ar\u0131 deste\u011fi alm\u0131\u015ft\u0131m, bu desteklerin devam etmesini istiyoruz. \u015eap hastal\u0131\u011f\u0131 \u015fu an her taraf\u0131 sarm\u0131\u015f durumda. Bu hizmet tam zaman\u0131nda yap\u0131ld\u0131. Hayvan giri\u015f \u00e7\u0131k\u0131\u015flar\u0131 da denetlenirse hastal\u0131\u011f\u0131n \u00f6n\u00fcne ge\u00e7mek daha kolay olur. S\u0131k\u0131nt\u0131lar\u0131n ge\u00e7ece\u011fine inan\u0131yoruz. Hizmetler g\u00fczel, devam\u0131n\u0131 diliyoruz&#8221; dedi.<br \/>\n<br \/>K\u0131n\u0131kl\u0131 \u00fcretici \u00d6zcan Do\u011fan \u00e7ift\u00e7inin i\u00e7inde bulundu\u011fu tabloya dikkat \u00e7ekerek, &#8220;Biz \u00e7ok memnun kald\u0131k, te\u015fekk\u00fcr ederiz. Ke\u015fke herkes \u00e7ift\u00e7isine b\u00f6yle sahip \u00e7\u0131ksa. Bir de hastal\u0131k \u00e7\u0131kt\u0131. \u015eu an hayvanlar\u0131m\u0131z haz\u0131r yiyor, d\u0131\u015far\u0131 salam\u0131yoruz. Meralar\u0131m\u0131z var ama \u015fap hastal\u0131\u011f\u0131ndan dolay\u0131 d\u0131\u015far\u0131 salam\u0131yoruz. B\u00fcy\u00fck\u015fehir\u2019in verdi\u011fi bu kitler \u00e7ok g\u00fczel&#8221; ifadelerini kulland\u0131.<\/p>\n<p>&#8220;Bu yard\u0131mlar\u0131 bekliyordum&#8221;<br \/>\n<br \/>Da\u011f\u0131t\u0131lan kitlerin \u00fcretici i\u00e7in \u00f6nemli bir maliyeti \u00f6nledi\u011fini s\u00f6yleyen \u00d6zcan Do\u011fan, &#8220;Biz bunlar\u0131 veterinerden parayla alsak \u00e7ok b\u00fcy\u00fck para. Bu yard\u0131mlar\u0131 bekliyordum. Ne yapal\u0131m elimiz kolumuz ba\u011fl\u0131. S\u00fct zaten para etmiyor. Hayvanc\u0131l\u0131k bitti. K\u0131n\u0131k\u2019\u0131n Koca\u00f6mer Mahallesi\u2019nde 3 ki\u015fi kald\u0131k&#8221; diye konu\u015ftu.<br \/><\/p>\n","protected":false},"excerpt":{"rendered":"<p>\u0130zmir B\u00fcy\u00fck\u015fehir Belediyesi, yakla\u015f\u0131k 1 milyon b\u00fcy\u00fckba\u015f hayvan varl\u0131\u011f\u0131yla T\u00fcrkiye\u2019nin lider \u015fehri \u0130zmir\u2019de \u015fap hastal\u0131\u011f\u0131 ve artan buza\u011f\u0131 \u00f6l\u00fcmlerine kar\u015f\u0131 harekete ge\u00e7ti. B\u00fcy\u00fckba\u015f hayvanc\u0131l\u0131kla ge\u00e7imini sa\u011flayan 3 bin 500 \u00e7ift\u00e7iye ba\u011f\u0131\u015f\u0131kl\u0131\u011f\u0131 g\u00fc\u00e7lendirecek \u00fcr\u00fcnlerin yer ald\u0131\u011f\u0131 buza\u011f\u0131 kiti ve dezenfektan da\u011f\u0131t\u0131m\u0131 yap\u0131ld\u0131. K\u0131n\u0131k\u2019tan ba\u015flayan da\u011f\u0131t\u0131mlar di\u011fer il\u00e7elerde devam ederken, \u00e7ift\u00e7iler hastal\u0131klara kar\u015f\u0131 bilgilendirildi. \u0130zmir B\u00fcy\u00fck\u015fehir Belediyesi,&#8230;<\/p>\n","protected":false},"author":1,"featured_media":84201,"comment_status":"open","ping_status":"open","sticky":false,"template":"","format":"standard","meta":{"_crdt_document":"","footnotes":""},"categories":[125],"tags":[],"class_list":["post-84200","post","type-post","status-publish","format-standard","has-post-thumbnail","hentry","category-ekonomi"],"_links":{"self":[{"href":"https:\/\/www.egemtv.com\/index.php?rest_route=\/wp\/v2\/posts\/84200","targetHints":{"allow":["GET"]}}],"collection":[{"href":"https:\/\/www.egemtv.com\/index.php?rest_route=\/wp\/v2\/posts"}],"about":[{"href":"https:\/\/www.egemtv.com\/index.php?rest_route=\/wp\/v2\/types\/post"}],"author":[{"embeddable":true,"href":"https:\/\/www.egemtv.com\/index.php?rest_route=\/wp\/v2\/users\/1"}],"replies":[{"embeddable":true,"href":"https:\/\/www.egemtv.com\/index.php?rest_route=%2Fwp%2Fv2%2Fcomments&post=84200"}],"version-history":[{"count":1,"href":"https:\/\/www.egemtv.com\/index.php?rest_route=\/wp\/v2\/posts\/84200\/revisions"}],"predecessor-version":[{"id":84202,"href":"https:\/\/www.egemtv.com\/index.php?rest_route=\/wp\/v2\/posts\/84200\/revisions\/84202"}],"wp:featuredmedia":[{"embeddable":true,"href":"https:\/\/www.egemtv.com\/index.php?rest_route=\/wp\/v2\/media\/84201"}],"wp:attachment":[{"href":"https:\/\/www.egemtv.com\/index.php?rest_route=%2Fwp%2Fv2%2Fmedia&parent=84200"}],"wp:term":[{"taxonomy":"category","embeddable":true,"href":"https:\/\/www.egemtv.com\/index.php?rest_route=%2Fwp%2Fv2%2Fcategories&post=84200"},{"taxonomy":"post_tag","embeddable":true,"href":"https:\/\/www.egemtv.com\/index.php?rest_route=%2Fwp%2Fv2%2Ftags&post=84200"}],"curies":[{"name":"wp","href":"https:\/\/api.w.org\/{rel}","templated":true}]}}