{"id":84191,"date":"2026-01-31T09:54:59","date_gmt":"2026-01-31T06:54:59","guid":{"rendered":"https:\/\/www.egemtv.com\/?p=84191"},"modified":"2026-01-31T09:55:01","modified_gmt":"2026-01-31T06:55:01","slug":"incir-ve-zeytin-bilimsel-arastirmalar-akademisinden-yeni-proje","status":"publish","type":"post","link":"https:\/\/www.egemtv.com\/?p=84191","title":{"rendered":"\u0130ncir ve Zeytin Bilimsel Ara\u015ft\u0131rmalar Akademisi\u2019nden yeni proje"},"content":{"rendered":"<p>AD\u00dc Teknokent b\u00fcnyesinde faaliyet g\u00f6steren Karya Farma HBX Ar-Ge, budama sonras\u0131 at\u0131k olarak g\u00f6r\u00fclen zeytin a\u011fac\u0131 yapraklar\u0131n\u0131n tar\u0131m ve hayvanc\u0131l\u0131kta de\u011ferlendirilmesine y\u00f6nelik kapsaml\u0131 bir Ar-Ge \u00e7al\u0131\u015fmas\u0131 ba\u015flatt\u0131.<br \/>\n<br \/>T\u00fcrkiye\u2019de zeytin a\u011fac\u0131 varl\u0131\u011f\u0131 bak\u0131m\u0131ndan \u00f6nde gelen illerin ba\u015f\u0131nda gelen Ayd\u0131n\u2019da, her y\u0131l budama ve kesim sonras\u0131 ortaya \u00e7\u0131kan tonlarca zeytin yapra\u011f\u0131n\u0131n hayata ge\u00e7irilecek proje ile kaba yem olarak de\u011ferlendirilece\u011fi belirtildi. At\u0131k olarak g\u00f6r\u00fcld\u00fc\u011f\u00fc i\u00e7in yak\u0131larak imha edilen bu yapraklar\u0131n de\u011ferlendirilmesi i\u00e7in \u00e7al\u0131\u015fma yapt\u0131klar\u0131n\u0131 kaydeden Karya Farma HBX Ar-Ge Kurucusu Hakan Ba\u015fl\u0131k, yeni proje ile hem ekonomik hem de ekolojik a\u00e7\u0131dan ciddi fayda sa\u011flamay\u0131 hedeflediklerini kaydetti.<br \/>\n<br \/>Ba\u015fl\u0131k, &#8220;Sadece Ayd\u0131n\u2019da yakla\u015f\u0131k 19 milyon zeytin a\u011fac\u0131 bulunuyor. Bu a\u011fa\u00e7lar\u0131n budanmas\u0131 sonucu ortaya \u00e7\u0131kan yapraklar, bug\u00fcne kadar \u00e7o\u011funlukla at\u0131k olarak g\u00f6r\u00fclerek yak\u0131ld\u0131. Oysa bu yapraklar, hayvanc\u0131l\u0131kta kaba yem maliyetini d\u00fc\u015f\u00fcrebilecek ve tar\u0131msal d\u00f6ng\u00fcye kazand\u0131r\u0131labilecek stratejik bir biyolojik kaynakt\u0131r&#8221; dedi.<br \/>\n<br \/>Zeytin a\u011fac\u0131 yapraklar\u0131n\u0131n biyokimyasal i\u00e7eri\u011fine ili\u015fkin bilimsel verilerin dikkat \u00e7ekici oldu\u011funu vurgulayan Ba\u015fl\u0131k, zeytin yapra\u011f\u0131n\u0131n antioksidan \u00f6zellik g\u00f6steren oleuropein, flavonoidler ve fenolik bile\u015fikler bak\u0131m\u0131ndan zengin oldu\u011funa i\u015faret etti. Ayr\u0131ca zeytin yapra\u011f\u0131n\u0131n, h\u00fccrelere zarar veren hidrojen peroksit gibi reaktif bile\u015fenlerin etkisini bask\u0131layabildi\u011fi, ayr\u0131ca sel\u00fcloz, fosfor, k\u00fck\u00fcrt, klor, magnezyum ile C ve E vitaminleri a\u00e7\u0131s\u0131ndan \u00f6nemli bir i\u00e7eri\u011fe sahip oldu\u011fu ifade edildi.<br \/>\n<br \/>Adnan Menderes \u00dcniversitesi Teknokent \u00e7at\u0131s\u0131 alt\u0131nda y\u00fcr\u00fct\u00fclen bu \u00e7al\u0131\u015fmalar\u0131n, kurulum a\u015famas\u0131nda olan \u2018\u0130ncir ve Zeytin Bilimsel Ara\u015ft\u0131rmalar Akademisi\u2019 b\u00fcnyesinde daha kapsaml\u0131 bir yap\u0131ya kavu\u015fturulmas\u0131n\u0131n hedeflendi\u011fi belirtildi. Akademi kapsam\u0131nda incir ve zeytin; yaln\u0131zca tar\u0131msal \u00fcr\u00fcnler olarak de\u011fil, biyolojik, kimyasal, ekolojik ve klinik etkileriyle birlikte \u00e7ok y\u00f6nl\u00fc stratejik biyolojik varl\u0131klar olarak ele al\u0131nacak.<br \/>\n<br \/>Yakla\u015f\u0131k \u00e7eyrek asra yakla\u015fan Ar-Ge tecr\u00fcbesine ve 18 adet spesifik patente sahip olduklar\u0131n\u0131 belirten Ba\u015fl\u0131k, akademi b\u00fcnyesinde y\u00fcr\u00fct\u00fclecek \u00e7al\u0131\u015fmalarda incir ve zeytin a\u011fa\u00e7lar\u0131n\u0131n yapraklar\u0131, dallar\u0131, \u00e7ekirdekleri, meyveleri ve ya\u011flar\u0131n\u0131n ayr\u0131 ayr\u0131 incelenece\u011fini s\u00f6yledi.<br \/>\n<br \/>Ba\u015fl\u0131k a\u00e7\u0131klamas\u0131nda, &#8220;Bu bile\u015fenlerin insan sa\u011fl\u0131\u011f\u0131 \u00fczerindeki etkileri, ba\u011f\u0131\u015f\u0131kl\u0131k sistemiyle ili\u015fkileri, mikrobiyal y\u00fck \u00fczerindeki etkileri ve \u00e7evresel s\u00fcrd\u00fcr\u00fclebilirli\u011fe katk\u0131lar\u0131 bilimsel verilerle ortaya konulacak. \u00d6zellikle k\u00fc\u00e7\u00fckba\u015f ve b\u00fcy\u00fckba\u015f hayvanc\u0131l\u0131kta kaba yemin zenginle\u015ftirilmesi, yem verimlili\u011finin art\u0131r\u0131lmas\u0131 ve do\u011fal kaynaklar\u0131n daha etkin kullan\u0131lmas\u0131 amac\u0131yla, bug\u00fcne kadar at\u0131k olarak g\u00f6r\u00fclen zeytin yapraklar\u0131 de\u011ferlendirilecek&#8221; ifadelerine yer verdi.<br \/><\/p>\n","protected":false},"excerpt":{"rendered":"<p>AD\u00dc Teknokent b\u00fcnyesinde faaliyet g\u00f6steren Karya Farma HBX Ar-Ge, budama sonras\u0131 at\u0131k olarak g\u00f6r\u00fclen zeytin a\u011fac\u0131 yapraklar\u0131n\u0131n tar\u0131m ve hayvanc\u0131l\u0131kta de\u011ferlendirilmesine y\u00f6nelik kapsaml\u0131 bir Ar-Ge \u00e7al\u0131\u015fmas\u0131 ba\u015flatt\u0131. T\u00fcrkiye\u2019de zeytin a\u011fac\u0131 varl\u0131\u011f\u0131 bak\u0131m\u0131ndan \u00f6nde gelen illerin ba\u015f\u0131nda gelen Ayd\u0131n\u2019da, her y\u0131l budama ve kesim sonras\u0131 ortaya \u00e7\u0131kan tonlarca zeytin yapra\u011f\u0131n\u0131n hayata ge\u00e7irilecek proje ile kaba yem&#8230;<\/p>\n","protected":false},"author":1,"featured_media":84192,"comment_status":"open","ping_status":"open","sticky":false,"template":"","format":"standard","meta":{"_crdt_document":"","footnotes":""},"categories":[1],"tags":[],"class_list":["post-84191","post","type-post","status-publish","format-standard","has-post-thumbnail","hentry","category-guncel"],"_links":{"self":[{"href":"https:\/\/www.egemtv.com\/index.php?rest_route=\/wp\/v2\/posts\/84191","targetHints":{"allow":["GET"]}}],"collection":[{"href":"https:\/\/www.egemtv.com\/index.php?rest_route=\/wp\/v2\/posts"}],"about":[{"href":"https:\/\/www.egemtv.com\/index.php?rest_route=\/wp\/v2\/types\/post"}],"author":[{"embeddable":true,"href":"https:\/\/www.egemtv.com\/index.php?rest_route=\/wp\/v2\/users\/1"}],"replies":[{"embeddable":true,"href":"https:\/\/www.egemtv.com\/index.php?rest_route=%2Fwp%2Fv2%2Fcomments&post=84191"}],"version-history":[{"count":1,"href":"https:\/\/www.egemtv.com\/index.php?rest_route=\/wp\/v2\/posts\/84191\/revisions"}],"predecessor-version":[{"id":84193,"href":"https:\/\/www.egemtv.com\/index.php?rest_route=\/wp\/v2\/posts\/84191\/revisions\/84193"}],"wp:featuredmedia":[{"embeddable":true,"href":"https:\/\/www.egemtv.com\/index.php?rest_route=\/wp\/v2\/media\/84192"}],"wp:attachment":[{"href":"https:\/\/www.egemtv.com\/index.php?rest_route=%2Fwp%2Fv2%2Fmedia&parent=84191"}],"wp:term":[{"taxonomy":"category","embeddable":true,"href":"https:\/\/www.egemtv.com\/index.php?rest_route=%2Fwp%2Fv2%2Fcategories&post=84191"},{"taxonomy":"post_tag","embeddable":true,"href":"https:\/\/www.egemtv.com\/index.php?rest_route=%2Fwp%2Fv2%2Ftags&post=84191"}],"curies":[{"name":"wp","href":"https:\/\/api.w.org\/{rel}","templated":true}]}}