{"id":84188,"date":"2026-01-31T09:34:42","date_gmt":"2026-01-31T06:34:42","guid":{"rendered":"https:\/\/www.egemtv.com\/?p=84188"},"modified":"2026-01-31T09:34:44","modified_gmt":"2026-01-31T06:34:44","slug":"bayrak-direginin-ipini-caldilar","status":"publish","type":"post","link":"https:\/\/www.egemtv.com\/?p=84188","title":{"rendered":"Bayrak dire\u011finin ipini \u00e7ald\u0131lar"},"content":{"rendered":"<p>DEN\u0130ZL\u0130 (\u0130HA) \u2013 Denizli\u2019nin Buldan il\u00e7esinde k\u00f6y\u00fcn zirvesine bayrak dikmek isteyen vatanda\u015f, yap\u0131p a\u015famas\u0131nda direkteki ipin \u00e7al\u0131nmas\u0131na tepki g\u00f6sterdi.<\/p>\n<p>Buldan il\u00e7esine ba\u011fl\u0131 G\u00fclalan Mahallesi Toprakl\u0131k mevkiinde bulunan tepeye bayrak dikmek isteyen Mehmet Ayd\u0131n, haz\u0131rlad\u0131\u011f\u0131 bayrak dire\u011findeki ipinin \u00e7al\u0131nm\u0131\u015f oldu\u011funu belirtti.<br \/>\n<br \/>Haz\u0131rlad\u0131\u011f\u0131 \u00e7ukura beton atmaya giden Mehmet Ayd\u0131n, &#8220;Olumsuz hava \u015fartlar\u0131ndan dolay\u0131 haz\u0131rlad\u0131\u011f\u0131m\u0131z \u00e7ukura beton at\u0131p, dire\u011fi yerle\u015ftirerek \u015fanl\u0131 T\u00fcrk bayra\u011f\u0131m\u0131z\u0131 dikecektik. Ancak tepeye gitti\u011fimizde \u00f6nceden haz\u0131rlad\u0131\u011f\u0131m\u0131z ipin \u00e7al\u0131nm\u0131\u015f oldu\u011funu g\u00f6rd\u00fck. Bu duruma inanamad\u0131k. \u00c7ok \u00fcz\u00fcld\u00fck. \u0130pe bile tenezz\u00fcl edilmesi \u00e7ok k\u00f6t\u00fc bir durum. K\u0131sa bir s\u00fcrede tekrar gelerek bayra\u011f\u0131m\u0131z\u0131 g\u00f6ndere \u00e7ekece\u011fiz&#8221; dedi.<br \/><\/p>\n","protected":false},"excerpt":{"rendered":"<p>DEN\u0130ZL\u0130 (\u0130HA) \u2013 Denizli\u2019nin Buldan il\u00e7esinde k\u00f6y\u00fcn zirvesine bayrak dikmek isteyen vatanda\u015f, yap\u0131p a\u015famas\u0131nda direkteki ipin \u00e7al\u0131nmas\u0131na tepki g\u00f6sterdi. Buldan il\u00e7esine ba\u011fl\u0131 G\u00fclalan Mahallesi Toprakl\u0131k mevkiinde bulunan tepeye bayrak dikmek isteyen Mehmet Ayd\u0131n, haz\u0131rlad\u0131\u011f\u0131 bayrak dire\u011findeki ipinin \u00e7al\u0131nm\u0131\u015f oldu\u011funu belirtti. Haz\u0131rlad\u0131\u011f\u0131 \u00e7ukura beton atmaya giden Mehmet Ayd\u0131n, &#8220;Olumsuz hava \u015fartlar\u0131ndan dolay\u0131 haz\u0131rlad\u0131\u011f\u0131m\u0131z \u00e7ukura beton at\u0131p,&#8230;<\/p>\n","protected":false},"author":1,"featured_media":84189,"comment_status":"open","ping_status":"open","sticky":false,"template":"","format":"standard","meta":{"_crdt_document":"","footnotes":""},"categories":[5],"tags":[],"class_list":["post-84188","post","type-post","status-publish","format-standard","has-post-thumbnail","hentry","category-asayis"],"_links":{"self":[{"href":"https:\/\/www.egemtv.com\/index.php?rest_route=\/wp\/v2\/posts\/84188","targetHints":{"allow":["GET"]}}],"collection":[{"href":"https:\/\/www.egemtv.com\/index.php?rest_route=\/wp\/v2\/posts"}],"about":[{"href":"https:\/\/www.egemtv.com\/index.php?rest_route=\/wp\/v2\/types\/post"}],"author":[{"embeddable":true,"href":"https:\/\/www.egemtv.com\/index.php?rest_route=\/wp\/v2\/users\/1"}],"replies":[{"embeddable":true,"href":"https:\/\/www.egemtv.com\/index.php?rest_route=%2Fwp%2Fv2%2Fcomments&post=84188"}],"version-history":[{"count":1,"href":"https:\/\/www.egemtv.com\/index.php?rest_route=\/wp\/v2\/posts\/84188\/revisions"}],"predecessor-version":[{"id":84190,"href":"https:\/\/www.egemtv.com\/index.php?rest_route=\/wp\/v2\/posts\/84188\/revisions\/84190"}],"wp:featuredmedia":[{"embeddable":true,"href":"https:\/\/www.egemtv.com\/index.php?rest_route=\/wp\/v2\/media\/84189"}],"wp:attachment":[{"href":"https:\/\/www.egemtv.com\/index.php?rest_route=%2Fwp%2Fv2%2Fmedia&parent=84188"}],"wp:term":[{"taxonomy":"category","embeddable":true,"href":"https:\/\/www.egemtv.com\/index.php?rest_route=%2Fwp%2Fv2%2Fcategories&post=84188"},{"taxonomy":"post_tag","embeddable":true,"href":"https:\/\/www.egemtv.com\/index.php?rest_route=%2Fwp%2Fv2%2Ftags&post=84188"}],"curies":[{"name":"wp","href":"https:\/\/api.w.org\/{rel}","templated":true}]}}