{"id":84185,"date":"2026-01-31T02:34:33","date_gmt":"2026-01-30T23:34:33","guid":{"rendered":"https:\/\/www.egemtv.com\/?p=84185"},"modified":"2026-01-31T02:34:34","modified_gmt":"2026-01-30T23:34:34","slug":"mentesede-trafik-kazasi-motosiklet-surucusu-agir-yarali","status":"publish","type":"post","link":"https:\/\/www.egemtv.com\/?p=84185","title":{"rendered":"Mente\u015fe\u2019de trafik kazas\u0131: Motosiklet s\u00fcr\u00fcc\u00fcs\u00fc a\u011f\u0131r yaral\u0131"},"content":{"rendered":"<p>Mu\u011fla\u2019n\u0131n Mente\u015fe il\u00e7esinde otomobil ile motosikletin \u00e7arp\u0131\u015fmas\u0131 sonucu meydana gelen trafik kazas\u0131nda bir ki\u015fi a\u011f\u0131r yaraland\u0131.<br \/>\n<br \/>Edinilen bilgilere g\u00f6re kaza, Mente\u015fe il\u00e7esi U\u011fur Mumcu Bulvar\u0131 \u00fczerinde meydana geldi. Bulvar \u00fczerinde seyir halinde olan bir otomobil ile motosiklet hen\u00fcz bilinmeyen bir nedenle \u00e7arp\u0131\u015ft\u0131. \u00c7arp\u0131\u015fman\u0131n \u015fiddetiyle yola savrulan motosiklet s\u00fcr\u00fcc\u00fcs\u00fc a\u011f\u0131r yaraland\u0131.<br \/>\n<br \/>Kazay\u0131 g\u00f6ren \u00e7evredeki vatanda\u015flar\u0131n durumu 112 Acil \u00c7a\u011fr\u0131 Merkezi\u2019ne bildirmesi \u00fczerine, olay yerine k\u0131sa s\u00fcrede polis ve sa\u011fl\u0131k ekipleri sevk edildi.<br \/>\n<br \/>Olay yerine ula\u015fan sa\u011fl\u0131k ekipleri, a\u011f\u0131r yaralanan motosiklet s\u00fcr\u00fcc\u00fcs\u00fcne ilk m\u00fcdahaleyi kaza yerinde yapt\u0131. Ambulansla hastaneye kald\u0131r\u0131lan yaral\u0131n\u0131n hayati tehlikesinin bulundu\u011fu ve durumunun ciddiyetini korudu\u011fu \u00f6\u011frenildi.<br \/>\n<br \/>Polis ekipleri kazayla ilgili tahkikat ba\u015flat\u0131rken, kaza nedeniyle bulvarda trafik bir s\u00fcre kontroll\u00fc olarak sa\u011fland\u0131.<br \/><\/p>\n","protected":false},"excerpt":{"rendered":"<p>Mu\u011fla\u2019n\u0131n Mente\u015fe il\u00e7esinde otomobil ile motosikletin \u00e7arp\u0131\u015fmas\u0131 sonucu meydana gelen trafik kazas\u0131nda bir ki\u015fi a\u011f\u0131r yaraland\u0131. Edinilen bilgilere g\u00f6re kaza, Mente\u015fe il\u00e7esi U\u011fur Mumcu Bulvar\u0131 \u00fczerinde meydana geldi. Bulvar \u00fczerinde seyir halinde olan bir otomobil ile motosiklet hen\u00fcz bilinmeyen bir nedenle \u00e7arp\u0131\u015ft\u0131. \u00c7arp\u0131\u015fman\u0131n \u015fiddetiyle yola savrulan motosiklet s\u00fcr\u00fcc\u00fcs\u00fc a\u011f\u0131r yaraland\u0131. Kazay\u0131 g\u00f6ren \u00e7evredeki vatanda\u015flar\u0131n durumu&#8230;<\/p>\n","protected":false},"author":1,"featured_media":84186,"comment_status":"open","ping_status":"open","sticky":false,"template":"","format":"standard","meta":{"_crdt_document":"","footnotes":""},"categories":[5],"tags":[],"class_list":["post-84185","post","type-post","status-publish","format-standard","has-post-thumbnail","hentry","category-asayis"],"_links":{"self":[{"href":"https:\/\/www.egemtv.com\/index.php?rest_route=\/wp\/v2\/posts\/84185","targetHints":{"allow":["GET"]}}],"collection":[{"href":"https:\/\/www.egemtv.com\/index.php?rest_route=\/wp\/v2\/posts"}],"about":[{"href":"https:\/\/www.egemtv.com\/index.php?rest_route=\/wp\/v2\/types\/post"}],"author":[{"embeddable":true,"href":"https:\/\/www.egemtv.com\/index.php?rest_route=\/wp\/v2\/users\/1"}],"replies":[{"embeddable":true,"href":"https:\/\/www.egemtv.com\/index.php?rest_route=%2Fwp%2Fv2%2Fcomments&post=84185"}],"version-history":[{"count":1,"href":"https:\/\/www.egemtv.com\/index.php?rest_route=\/wp\/v2\/posts\/84185\/revisions"}],"predecessor-version":[{"id":84187,"href":"https:\/\/www.egemtv.com\/index.php?rest_route=\/wp\/v2\/posts\/84185\/revisions\/84187"}],"wp:featuredmedia":[{"embeddable":true,"href":"https:\/\/www.egemtv.com\/index.php?rest_route=\/wp\/v2\/media\/84186"}],"wp:attachment":[{"href":"https:\/\/www.egemtv.com\/index.php?rest_route=%2Fwp%2Fv2%2Fmedia&parent=84185"}],"wp:term":[{"taxonomy":"category","embeddable":true,"href":"https:\/\/www.egemtv.com\/index.php?rest_route=%2Fwp%2Fv2%2Fcategories&post=84185"},{"taxonomy":"post_tag","embeddable":true,"href":"https:\/\/www.egemtv.com\/index.php?rest_route=%2Fwp%2Fv2%2Ftags&post=84185"}],"curies":[{"name":"wp","href":"https:\/\/api.w.org\/{rel}","templated":true}]}}