{"id":84182,"date":"2026-01-30T23:34:50","date_gmt":"2026-01-30T20:34:50","guid":{"rendered":"https:\/\/www.egemtv.com\/?p=84182"},"modified":"2026-01-30T23:34:51","modified_gmt":"2026-01-30T20:34:51","slug":"sel-sularinda-gemi-gibi-ilerledi","status":"publish","type":"post","link":"https:\/\/www.egemtv.com\/?p=84182","title":{"rendered":"Sel sular\u0131nda gemi gibi ilerledi"},"content":{"rendered":"<p>\u0130zmir\u2019de d\u00fcn etkili olan sa\u011fanak ya\u011f\u0131\u015f sonras\u0131 meydana gelen sel, kent genelinde hayat\u0131 olumsuz etkilerken, Bornova il\u00e7esinde kaydedilen ilgin\u00e7 g\u00f6r\u00fcnt\u00fcler dikkat \u00e7ekti. Su birikintisine ra\u011fmen yoluna devam eden bir otomobil, adeta y\u00fcz\u00fcyormu\u015f gibi ilerleyerek g\u00f6renleri \u015fa\u015fk\u0131na \u00e7evirdi.<br \/>\n<br \/>Olay, Bornova il\u00e7esi Kemalpa\u015fa Caddesi \u00fczerinde meydana geldi. Sel nedeniyle cadde \u00fczerinde olu\u015fan yo\u011fun su birikintisine ra\u011fmen s\u00fcr\u00fcc\u00fcs\u00fcn\u00fcn duraksamadan ilerlemeyi s\u00fcrd\u00fcrd\u00fc\u011f\u00fc otomobil, sular\u0131n i\u00e7erisinde gemi gibi yol ald\u0131. Ara\u00e7, bir s\u00fcre suya g\u00f6m\u00fcl\u00fc \u015fekilde ilerlerken \u00e7evrede bulunan vatanda\u015flar ya\u015fanan o anlar\u0131 cep telefonu kameralar\u0131yla g\u00f6r\u00fcnt\u00fcledi.<br \/>\n<br \/>G\u00f6r\u00fcnt\u00fclerde otomobilin, sel sular\u0131n\u0131n aras\u0131nda neredeyse y\u00fczerek ilerledi\u011fi ve \u00e7evredeki vatanda\u015flar\u0131n \u015fa\u015fk\u0131nl\u0131kla durumu izledi\u011fi g\u00f6r\u00fcl\u00fcyor.<br \/><\/p>\n","protected":false},"excerpt":{"rendered":"<p>\u0130zmir\u2019de d\u00fcn etkili olan sa\u011fanak ya\u011f\u0131\u015f sonras\u0131 meydana gelen sel, kent genelinde hayat\u0131 olumsuz etkilerken, Bornova il\u00e7esinde kaydedilen ilgin\u00e7 g\u00f6r\u00fcnt\u00fcler dikkat \u00e7ekti. Su birikintisine ra\u011fmen yoluna devam eden bir otomobil, adeta y\u00fcz\u00fcyormu\u015f gibi ilerleyerek g\u00f6renleri \u015fa\u015fk\u0131na \u00e7evirdi. Olay, Bornova il\u00e7esi Kemalpa\u015fa Caddesi \u00fczerinde meydana geldi. Sel nedeniyle cadde \u00fczerinde olu\u015fan yo\u011fun su birikintisine ra\u011fmen s\u00fcr\u00fcc\u00fcs\u00fcn\u00fcn&#8230;<\/p>\n","protected":false},"author":1,"featured_media":84183,"comment_status":"open","ping_status":"open","sticky":false,"template":"","format":"standard","meta":{"_crdt_document":"","footnotes":""},"categories":[5],"tags":[],"class_list":["post-84182","post","type-post","status-publish","format-standard","has-post-thumbnail","hentry","category-asayis"],"_links":{"self":[{"href":"https:\/\/www.egemtv.com\/index.php?rest_route=\/wp\/v2\/posts\/84182","targetHints":{"allow":["GET"]}}],"collection":[{"href":"https:\/\/www.egemtv.com\/index.php?rest_route=\/wp\/v2\/posts"}],"about":[{"href":"https:\/\/www.egemtv.com\/index.php?rest_route=\/wp\/v2\/types\/post"}],"author":[{"embeddable":true,"href":"https:\/\/www.egemtv.com\/index.php?rest_route=\/wp\/v2\/users\/1"}],"replies":[{"embeddable":true,"href":"https:\/\/www.egemtv.com\/index.php?rest_route=%2Fwp%2Fv2%2Fcomments&post=84182"}],"version-history":[{"count":1,"href":"https:\/\/www.egemtv.com\/index.php?rest_route=\/wp\/v2\/posts\/84182\/revisions"}],"predecessor-version":[{"id":84184,"href":"https:\/\/www.egemtv.com\/index.php?rest_route=\/wp\/v2\/posts\/84182\/revisions\/84184"}],"wp:featuredmedia":[{"embeddable":true,"href":"https:\/\/www.egemtv.com\/index.php?rest_route=\/wp\/v2\/media\/84183"}],"wp:attachment":[{"href":"https:\/\/www.egemtv.com\/index.php?rest_route=%2Fwp%2Fv2%2Fmedia&parent=84182"}],"wp:term":[{"taxonomy":"category","embeddable":true,"href":"https:\/\/www.egemtv.com\/index.php?rest_route=%2Fwp%2Fv2%2Fcategories&post=84182"},{"taxonomy":"post_tag","embeddable":true,"href":"https:\/\/www.egemtv.com\/index.php?rest_route=%2Fwp%2Fv2%2Ftags&post=84182"}],"curies":[{"name":"wp","href":"https:\/\/api.w.org\/{rel}","templated":true}]}}