{"id":84179,"date":"2026-01-30T23:14:35","date_gmt":"2026-01-30T20:14:35","guid":{"rendered":"https:\/\/www.egemtv.com\/?p=84179"},"modified":"2026-01-30T23:14:36","modified_gmt":"2026-01-30T20:14:36","slug":"aydinda-trafik-kazasi-ucuz-atlatildi","status":"publish","type":"post","link":"https:\/\/www.egemtv.com\/?p=84179","title":{"rendered":"Ayd\u0131n\u2019da trafik kazas\u0131 ucuz atlat\u0131ld\u0131"},"content":{"rendered":"<p>Ayd\u0131n\u2019\u0131n Efeler il\u00e7esinde iki arac\u0131n \u00e7arp\u0131\u015fmas\u0131 sonucu meydana gelen kazada \u015fans eseri yaralanan olmazken ara\u00e7larda b\u00fcy\u00fck \u00e7apl\u0131 maddi hasar olu\u015ftu.<\/p>\n<p>Kaza, Yedieyl\u00fcl Mahallesi Eski \u00c7ine Caddesi \u00fczerinde ak\u015fam saatlerinde meydana geldi. Edinilen bilgiye g\u00f6re Eski \u00c7ine Caddesi\u2019nden Eski D\u00f6rtyol Kav\u015fa\u011f\u0131\u2019na seyir halinde olan pikap ile 1001 Sokak \u00fczerinden caddeye ba\u011flanmak isteyen otomobil \u00e7arp\u0131\u015ft\u0131. \u00c7arp\u0131\u015fman\u0131n etkisiyle ara\u00e7lar savrulurken, kazada \u015fans eseri yaralanan olmad\u0131. \u0130hbar \u00fczerine b\u00f6lgeye polis ekipleri sevk edildi. Kazada ara\u00e7larda b\u00fcy\u00fck \u00e7apl\u0131 maddi hasar olu\u015furken, polis ekiplerinin gerekli \u00e7al\u0131\u015fmalar\u0131n\u0131 tamamlanmas\u0131n\u0131n ard\u0131ndan ara\u00e7lar kenara \u00e7ekilerek yol yeniden trafi\u011fe a\u00e7\u0131ld\u0131.<\/p>\n<p>Kazayla ilgili soru\u015fturma s\u00fcr\u00fcyor.<br \/><\/p>\n","protected":false},"excerpt":{"rendered":"<p>Ayd\u0131n\u2019\u0131n Efeler il\u00e7esinde iki arac\u0131n \u00e7arp\u0131\u015fmas\u0131 sonucu meydana gelen kazada \u015fans eseri yaralanan olmazken ara\u00e7larda b\u00fcy\u00fck \u00e7apl\u0131 maddi hasar olu\u015ftu. Kaza, Yedieyl\u00fcl Mahallesi Eski \u00c7ine Caddesi \u00fczerinde ak\u015fam saatlerinde meydana geldi. Edinilen bilgiye g\u00f6re Eski \u00c7ine Caddesi\u2019nden Eski D\u00f6rtyol Kav\u015fa\u011f\u0131\u2019na seyir halinde olan pikap ile 1001 Sokak \u00fczerinden caddeye ba\u011flanmak isteyen otomobil \u00e7arp\u0131\u015ft\u0131. \u00c7arp\u0131\u015fman\u0131n etkisiyle&#8230;<\/p>\n","protected":false},"author":1,"featured_media":84180,"comment_status":"open","ping_status":"open","sticky":false,"template":"","format":"standard","meta":{"_crdt_document":"","footnotes":""},"categories":[5],"tags":[],"class_list":["post-84179","post","type-post","status-publish","format-standard","has-post-thumbnail","hentry","category-asayis"],"_links":{"self":[{"href":"https:\/\/www.egemtv.com\/index.php?rest_route=\/wp\/v2\/posts\/84179","targetHints":{"allow":["GET"]}}],"collection":[{"href":"https:\/\/www.egemtv.com\/index.php?rest_route=\/wp\/v2\/posts"}],"about":[{"href":"https:\/\/www.egemtv.com\/index.php?rest_route=\/wp\/v2\/types\/post"}],"author":[{"embeddable":true,"href":"https:\/\/www.egemtv.com\/index.php?rest_route=\/wp\/v2\/users\/1"}],"replies":[{"embeddable":true,"href":"https:\/\/www.egemtv.com\/index.php?rest_route=%2Fwp%2Fv2%2Fcomments&post=84179"}],"version-history":[{"count":1,"href":"https:\/\/www.egemtv.com\/index.php?rest_route=\/wp\/v2\/posts\/84179\/revisions"}],"predecessor-version":[{"id":84181,"href":"https:\/\/www.egemtv.com\/index.php?rest_route=\/wp\/v2\/posts\/84179\/revisions\/84181"}],"wp:featuredmedia":[{"embeddable":true,"href":"https:\/\/www.egemtv.com\/index.php?rest_route=\/wp\/v2\/media\/84180"}],"wp:attachment":[{"href":"https:\/\/www.egemtv.com\/index.php?rest_route=%2Fwp%2Fv2%2Fmedia&parent=84179"}],"wp:term":[{"taxonomy":"category","embeddable":true,"href":"https:\/\/www.egemtv.com\/index.php?rest_route=%2Fwp%2Fv2%2Fcategories&post=84179"},{"taxonomy":"post_tag","embeddable":true,"href":"https:\/\/www.egemtv.com\/index.php?rest_route=%2Fwp%2Fv2%2Ftags&post=84179"}],"curies":[{"name":"wp","href":"https:\/\/api.w.org\/{rel}","templated":true}]}}