{"id":84176,"date":"2026-01-30T23:00:54","date_gmt":"2026-01-30T20:00:54","guid":{"rendered":"https:\/\/www.egemtv.com\/?p=84176"},"modified":"2026-01-30T23:00:54","modified_gmt":"2026-01-30T20:00:54","slug":"emekli-polis-memuru-kazada-hayatini-kaybetti-o-anlar-kamerada","status":"publish","type":"post","link":"https:\/\/www.egemtv.com\/?p=84176","title":{"rendered":"Emekli polis memuru kazada hayat\u0131n\u0131 kaybetti: O anlar kamerada"},"content":{"rendered":"<p>Antalya\u2019n\u0131n Serik il\u00e7esinde hafif ticari ara\u00e7 ile elektrikli bisikletin \u00e7arp\u0131\u015fmas\u0131 sonucu meydana gelen trafik kazas\u0131nda emekli polis memuru hayat\u0131n\u0131 kaybetti. Kaza an\u0131 g\u00fcvenlik kameralar\u0131na yans\u0131d\u0131.<br \/>\n<br \/>Kaza, saat 20.00 s\u0131ralar\u0131nda Antalya\u2013Alanya D-400 karayolu \u00fczerinde meydana geldi. Edinilen bilgilere g\u00f6re, yaya ge\u00e7idinden elektrikli bisikletiyle yolun kar\u015f\u0131s\u0131na ge\u00e7meye \u00e7al\u0131\u015fan Abdulkadir \u0130hsan Sinan (66), Y.E.G. y\u00f6netimindeki 07 AG 0011 plakal\u0131 hafif ticari ara\u00e7 \u00e7arpmas\u0131 sonucu a\u011f\u0131r yaraland\u0131. \u00c7arpman\u0131n etkisiyle yakla\u015f\u0131k 100 metre s\u00fcr\u00fcklenen elektrikli bisiklet s\u00fcr\u00fcc\u00fcs\u00fc a\u011f\u0131r yaraland\u0131. Kazay\u0131 g\u00f6ren vatanda\u015flar\u0131n ihbar\u0131 \u00fczerine olay yerine sa\u011fl\u0131k ve polis ekipleri sevk edildi. Sa\u011fl\u0131k ekiplerince ilk m\u00fcdahalesi yap\u0131lan Sinan, ambulansla Serik Devlet Hastanesi\u2019ne kald\u0131r\u0131ld\u0131. Sinan, hastanede yap\u0131lan t\u00fcm m\u00fcdahalelere ra\u011fmen kurtar\u0131lamayarak hayat\u0131n\u0131 kaybetti. Sinan\u2019\u0131n cenazesi, Serik Devlet Hastanesi morguna kald\u0131r\u0131ld\u0131.<\/p>\n<p>Kaza an\u0131 kamerada<br \/>\n<br \/>\u00d6te yandan kaza an\u0131, \u00e7evrede bulunan bir i\u015f yerinin g\u00fcvenlik kameralar\u0131 taraf\u0131ndan kaydedildi. G\u00f6r\u00fcnt\u00fclerde, elektrikli bisiklet s\u00fcr\u00fcc\u00fcs\u00fcn\u00fcn yaya ge\u00e7idinden ge\u00e7meye \u00e7al\u0131\u015ft\u0131\u011f\u0131 s\u0131rada arac\u0131n yolun ortas\u0131nda \u00e7arpt\u0131\u011f\u0131 anlar yer ald\u0131.<br \/>\n<br \/>Kazada \u00f6len Sinan\u2019\u0131n Serik\u2019te polis memuru olarak g\u00f6rev yapt\u0131ktan sonra emekli oldu\u011fu ve emeklili\u011finin ard\u0131ndan il\u00e7eye yerle\u015fti\u011fi \u00f6\u011frenildi.<br \/><\/p>\n","protected":false},"excerpt":{"rendered":"<p>Antalya\u2019n\u0131n Serik il\u00e7esinde hafif ticari ara\u00e7 ile elektrikli bisikletin \u00e7arp\u0131\u015fmas\u0131 sonucu meydana gelen trafik kazas\u0131nda emekli polis memuru hayat\u0131n\u0131 kaybetti. Kaza an\u0131 g\u00fcvenlik kameralar\u0131na yans\u0131d\u0131. Kaza, saat 20.00 s\u0131ralar\u0131nda Antalya\u2013Alanya D-400 karayolu \u00fczerinde meydana geldi. Edinilen bilgilere g\u00f6re, yaya ge\u00e7idinden elektrikli bisikletiyle yolun kar\u015f\u0131s\u0131na ge\u00e7meye \u00e7al\u0131\u015fan Abdulkadir \u0130hsan Sinan (66), Y.E.G. y\u00f6netimindeki 07 AG 0011&#8230;<\/p>\n","protected":false},"author":1,"featured_media":84177,"comment_status":"open","ping_status":"open","sticky":false,"template":"","format":"standard","meta":{"_crdt_document":"","footnotes":""},"categories":[5],"tags":[],"class_list":["post-84176","post","type-post","status-publish","format-standard","has-post-thumbnail","hentry","category-asayis"],"_links":{"self":[{"href":"https:\/\/www.egemtv.com\/index.php?rest_route=\/wp\/v2\/posts\/84176","targetHints":{"allow":["GET"]}}],"collection":[{"href":"https:\/\/www.egemtv.com\/index.php?rest_route=\/wp\/v2\/posts"}],"about":[{"href":"https:\/\/www.egemtv.com\/index.php?rest_route=\/wp\/v2\/types\/post"}],"author":[{"embeddable":true,"href":"https:\/\/www.egemtv.com\/index.php?rest_route=\/wp\/v2\/users\/1"}],"replies":[{"embeddable":true,"href":"https:\/\/www.egemtv.com\/index.php?rest_route=%2Fwp%2Fv2%2Fcomments&post=84176"}],"version-history":[{"count":1,"href":"https:\/\/www.egemtv.com\/index.php?rest_route=\/wp\/v2\/posts\/84176\/revisions"}],"predecessor-version":[{"id":84178,"href":"https:\/\/www.egemtv.com\/index.php?rest_route=\/wp\/v2\/posts\/84176\/revisions\/84178"}],"wp:featuredmedia":[{"embeddable":true,"href":"https:\/\/www.egemtv.com\/index.php?rest_route=\/wp\/v2\/media\/84177"}],"wp:attachment":[{"href":"https:\/\/www.egemtv.com\/index.php?rest_route=%2Fwp%2Fv2%2Fmedia&parent=84176"}],"wp:term":[{"taxonomy":"category","embeddable":true,"href":"https:\/\/www.egemtv.com\/index.php?rest_route=%2Fwp%2Fv2%2Fcategories&post=84176"},{"taxonomy":"post_tag","embeddable":true,"href":"https:\/\/www.egemtv.com\/index.php?rest_route=%2Fwp%2Fv2%2Ftags&post=84176"}],"curies":[{"name":"wp","href":"https:\/\/api.w.org\/{rel}","templated":true}]}}