{"id":84173,"date":"2026-01-30T21:15:57","date_gmt":"2026-01-30T18:15:57","guid":{"rendered":"https:\/\/www.egemtv.com\/?p=84173"},"modified":"2026-01-30T21:15:58","modified_gmt":"2026-01-30T18:15:58","slug":"ak-parti-grup-baskanvekili-akbasoglu-2026-reform-yili-olacak","status":"publish","type":"post","link":"https:\/\/www.egemtv.com\/?p=84173","title":{"rendered":"AK Parti Grup Ba\u015fkanvekili Akba\u015fo\u011flu: &#8220;2026 reform y\u0131l\u0131 olacak\u2019\u2019"},"content":{"rendered":"<p>K\u00dcTAHYA (\u0130HA) \u2013 AK Parti TBMM Grup Ba\u015fkanvekili ve \u00c7ank\u0131r\u0131 Milletvekili Muhammet Emin Akba\u015fo\u011flu, &#8220;2026 y\u0131l\u0131 her alanda reform y\u0131l\u0131 olacak. Bu manada ilgili kurullar\u0131m\u0131z bu \u00e7al\u0131\u015fmalar\u0131 b\u00fcy\u00fck bir koordinasyon i\u00e7erisinde yerine getiriyor. T\u00fcrkiye Y\u00fczy\u0131l\u0131 hedefleri do\u011frultusunda, Cumhur \u0130ttifak\u0131 olarak 86 milyon insan\u0131m\u0131z\u0131n duas\u0131 ve deste\u011fiyle \u00e7ok daha g\u00fczel neticelere imza ataca\u011f\u0131z&#8221; dedi.<br \/>\n<br \/>AK Parti TBMM Grup Ba\u015fkanvekili Muhammet Emin Akba\u015fo\u011flu, AK Parti \u0130l Ba\u015fkanl\u0131\u011f\u0131nda d\u00fczenlenen toplant\u0131da, T\u00fcrkiye\u2019nin son y\u0131llarda kar\u015f\u0131 kar\u015f\u0131ya kald\u0131\u011f\u0131 zorluklara ra\u011fmen \u00f6nemli ba\u015far\u0131lar elde edildi\u011fini dile getirerek, toplumun t\u00fcm kesimlerinin taleplerini yak\u0131ndan takip ettiklerini vurgulad\u0131. Akba\u015fo\u011flu, &#8220;Hangi konuyu ele al\u0131rsak alal\u0131m emin olun muazzam ba\u015far\u0131 hikayeleri s\u00f6z konusu. Daha fazla \u00e7al\u0131\u015faca\u011f\u0131m\u0131z alanlar yok mu? Mutlaka var. Bilhassa bu konuda b\u00fct\u00fcn toplum kesimlerinin beklentilerinin fark\u0131nday\u0131z. Bilhassa da emeklilerimizin. Emeklilerle ilgili, esnaf\u0131m\u0131zla ilgili, ticaret erbab\u0131yla ilgili, turizmle ilgili, sanayiyle ilgili, tar\u0131m hayvanc\u0131l\u0131k b\u00fct\u00fcn bunlarla ilgili politikalar\u0131m\u0131z\u0131 ortaya koyduk. Bunlar\u0131 devam ettiriyoruz. Bunlar\u0131 g\u00fcncelliyoruz. Yeniliyoruz&#8221; dedi.<\/p>\n<p>Pandemi s\u00fcreci ve ekonomik etkileri<br \/>\n<br \/>K\u00fcresel pandemi s\u00fcrecinin t\u00fcm d\u00fcnyay\u0131 derinden etkiledi\u011fini hat\u0131rlatan Akba\u015fo\u011flu, bu d\u00f6nemde h\u00fck\u00fcmetin vatanda\u015f\u0131n yan\u0131nda yer ald\u0131\u011f\u0131n\u0131 belirterek, ya\u015fanan s\u00fcreci detaylar\u0131yla anlatt\u0131:<br \/>\n<br \/>&#8220;Enflasyon \u00f6zellikle 2020 y\u0131l\u0131nda b\u00fct\u00fcn d\u00fcnyay\u0131 etkisi alt\u0131na alan ve 3\u20134 y\u0131l herkesi do\u011frudan etkileyip h\u00e2l\u00e2 art\u00e7\u0131 alanlar\u0131 devam eden bir k\u00fcresel pandemi ya\u015fad\u0131 insanl\u0131k. B\u00fct\u00fcn mekanizmalar bozuldu. Lojistik farkl\u0131la\u015ft\u0131. \u00dcretim farkl\u0131la\u015ft\u0131. Oturu\u015flar\u0131m\u0131z farkl\u0131la\u015ft\u0131. Hat\u0131rlarsan\u0131z bir ara bir atlayarak oturuyorduk. Hep beraber maske tak\u0131yorduk. Fabrikalarda yar\u0131 vardiya \u00e7al\u0131\u015f\u0131yorduk.&#8221;<br \/>\n<br \/>Pandemi d\u00f6neminde devletin sundu\u011fu desteklere de de\u011finen Akba\u015fo\u011flu, vatanda\u015f\u0131n hi\u00e7bir zaman yaln\u0131z b\u0131rak\u0131lmad\u0131\u011f\u0131n\u0131 vurgulayarak, &#8220;K\u0131sa \u00e7al\u0131\u015fma \u00f6denekleriyle h\u00fck\u00fcmetimiz Allah\u2019a \u00e7ok \u015f\u00fck\u00fcr vatanda\u015f\u0131m\u0131z\u0131n, esnaf\u0131m\u0131z\u0131n, i\u015f\u00e7imizin yan\u0131nda oldu. Hi\u00e7bir \u015fekilde a\u00e7\u0131kta b\u0131rakmamak i\u00e7in elimizden gelen her t\u00fcrl\u00fc gayreti yapt\u0131k. D\u00fcnyan\u0131n en \u00f6nemli, en g\u00fczel genel sa\u011fl\u0131k sigortas\u0131 kapsam\u0131nda b\u00fct\u00fcn vatanda\u015flar\u0131m\u0131z\u0131n buradan \u00fccretsiz istifadesini hep beraber ya\u015fad\u0131k&#8221; dedi.<\/p>\n<p>&#8220;Yapt\u0131klar\u0131m\u0131z, yapacaklar\u0131m\u0131z\u0131n teminat\u0131d\u0131r&#8221;<br \/>\n<br \/>Pandemi sonras\u0131 toparlanma s\u00fcrecinde T\u00fcrkiye\u2019nin b\u00fcy\u00fck bir deprem felaketiyle kar\u015f\u0131 kar\u015f\u0131ya kald\u0131\u011f\u0131n\u0131 dile getiren Akba\u015fo\u011flu, &#8220;D\u00fcnya insanl\u0131k tarihinde 12 saat arayla 7\u2019nin \u00fczerinde iki tane ba\u011f\u0131ms\u0131z depreme muhatap olan ba\u015fka bir \u00fclke yok. 850 bine yak\u0131n ba\u011f\u0131ms\u0131z b\u00f6l\u00fcm\u00fcn, i\u015f yerinin, evin olumsuz etkilendi\u011fi b\u00fcy\u00fck bir y\u0131k\u0131mla 11 vilayetimizde 15 milyon insan\u0131m\u0131z do\u011frudan etkilendi&#8221; dedi.<br \/>\n<br \/>Deprem sonras\u0131 verilen s\u00f6zlerin tutuldu\u011funu vurgulayan Akba\u015fo\u011flu, \u015fu ifadeleri kulland\u0131:<br \/>\n<br \/>&#8220;Yapamazs\u0131n\u0131z, edemezsiniz diyorlard\u0131. On y\u0131llar s\u00fcrer diyorlard\u0131. Ama ne yapt\u0131k? 27 Aral\u0131k 2025 tarihinde 455 bininci konutun anahtar\u0131n\u0131 hak sahiplerine teslim ettik mi? \u0130\u015fte ondan sonra milletimiz \u2018Yaparsa AK Parti yapar\u2019 diyor. Yapt\u0131klar\u0131m\u0131z, yapacaklar\u0131m\u0131z\u0131n teminat\u0131d\u0131r.&#8221;<br \/>\n<br \/>Ekonomide baz\u0131 eksikliklerin bulundu\u011funu ifade eden Akba\u015fo\u011flu, bu eksiklikleri giderecek iradenin yine kendilerinde oldu\u011funu belirtti. \u00d6zellikle emeklilerin al\u0131m g\u00fcc\u00fcn\u00fc art\u0131rmaya y\u00f6nelik \u00e7al\u0131\u015fmalar\u0131n s\u00fcrd\u00fc\u011f\u00fcn\u00fc dile getiren Akba\u015fo\u011flu, \u015f\u00f6yle konu\u015ftu:&#8221;Eksikliklerimiz yok mu? Mutlaka var. Bu eksiklikleri telafi edecek olan yine biziz. \u0130nsanlar\u0131m\u0131z\u0131n al\u0131m g\u00fcc\u00fcn\u00fc art\u0131racak, her bir vatanda\u015f\u0131m\u0131z\u0131n refah\u0131n\u0131 art\u0131racak \u00f6nlemler paketini ekonomi koordinasyon kurulunda g\u00f6r\u00fc\u015f\u00fcyoruz. Orta Vadeli Program \u00e7er\u00e7evesinde g\u00fcncellemeleri yap\u0131yoruz.&#8221;<\/p>\n<p>&#8220;2026 her alanda reform y\u0131l\u0131 olacak&#8221;<br \/>\n<br \/>Akba\u015fo\u011flu, \u00f6n\u00fcm\u00fczdeki d\u00f6nemin kapsaml\u0131 reformlara sahne olaca\u011f\u0131n\u0131 ifade ederek, &#8220;2026 y\u0131l\u0131 her alanda reform y\u0131l\u0131 olacak. Bu manada ilgili kurullar\u0131m\u0131z bu \u00e7al\u0131\u015fmalar\u0131 b\u00fcy\u00fck bir koordinasyon i\u00e7erisinde yerine getiriyor. T\u00fcrkiye Y\u00fczy\u0131l\u0131 hedefleri do\u011frultusunda, Cumhur \u0130ttifak\u0131 olarak 86 milyon insan\u0131m\u0131z\u0131n duas\u0131 ve deste\u011fiyle \u00e7ok daha g\u00fczel neticelere imza ataca\u011f\u0131z&#8221; diye konu\u015ftu.<br \/>\n<br \/>Gen\u00e7lere y\u00f6nelik desteklerin de artt\u0131\u011f\u0131n\u0131 hat\u0131rlatan Akba\u015fo\u011flu, sosyal politikalar\u0131n hem gen\u00e7leri hem de emeklileri kapsad\u0131\u011f\u0131n\u0131 belirtti. Akba\u015fo\u011flu, &#8220;Lisans \u00f6\u011frencilerine 4 bin liraya, y\u00fcksek lisans \u00f6\u011frencilerine 8 bin liraya, doktora \u00f6\u011frencilerine 12 bin liraya \u00e7\u0131kard\u0131k. Bunun yan\u0131nda gelir art\u0131r\u0131c\u0131 \u00f6nlemlerle ihtiya\u00e7 sahibi olan b\u00fct\u00fcn ailelerimizle ilgili \u00e7al\u0131\u015fmalar yap\u0131yoruz&#8221; dedi.<br \/>\n<br \/>Konu\u015fmas\u0131n\u0131n sonunda te\u015fkilat mensuplar\u0131na te\u015fekk\u00fcr eden Akba\u015fo\u011flu, T\u00fcrkiye\u2019nin ve K\u00fctahya\u2019n\u0131n gelece\u011fine dair g\u00fc\u00e7l\u00fc mesajlar vererek, &#8220;Durmak yok, yola devam&#8221; dedi.<br \/><\/p>\n","protected":false},"excerpt":{"rendered":"<p>K\u00dcTAHYA (\u0130HA) \u2013 AK Parti TBMM Grup Ba\u015fkanvekili ve \u00c7ank\u0131r\u0131 Milletvekili Muhammet Emin Akba\u015fo\u011flu, &#8220;2026 y\u0131l\u0131 her alanda reform y\u0131l\u0131 olacak. Bu manada ilgili kurullar\u0131m\u0131z bu \u00e7al\u0131\u015fmalar\u0131 b\u00fcy\u00fck bir koordinasyon i\u00e7erisinde yerine getiriyor. T\u00fcrkiye Y\u00fczy\u0131l\u0131 hedefleri do\u011frultusunda, Cumhur \u0130ttifak\u0131 olarak 86 milyon insan\u0131m\u0131z\u0131n duas\u0131 ve deste\u011fiyle \u00e7ok daha g\u00fczel neticelere imza ataca\u011f\u0131z&#8221; dedi. AK Parti&#8230;<\/p>\n","protected":false},"author":1,"featured_media":84174,"comment_status":"open","ping_status":"open","sticky":false,"template":"","format":"standard","meta":{"_crdt_document":"","footnotes":""},"categories":[123],"tags":[],"class_list":["post-84173","post","type-post","status-publish","format-standard","has-post-thumbnail","hentry","category-gundem"],"_links":{"self":[{"href":"https:\/\/www.egemtv.com\/index.php?rest_route=\/wp\/v2\/posts\/84173","targetHints":{"allow":["GET"]}}],"collection":[{"href":"https:\/\/www.egemtv.com\/index.php?rest_route=\/wp\/v2\/posts"}],"about":[{"href":"https:\/\/www.egemtv.com\/index.php?rest_route=\/wp\/v2\/types\/post"}],"author":[{"embeddable":true,"href":"https:\/\/www.egemtv.com\/index.php?rest_route=\/wp\/v2\/users\/1"}],"replies":[{"embeddable":true,"href":"https:\/\/www.egemtv.com\/index.php?rest_route=%2Fwp%2Fv2%2Fcomments&post=84173"}],"version-history":[{"count":1,"href":"https:\/\/www.egemtv.com\/index.php?rest_route=\/wp\/v2\/posts\/84173\/revisions"}],"predecessor-version":[{"id":84175,"href":"https:\/\/www.egemtv.com\/index.php?rest_route=\/wp\/v2\/posts\/84173\/revisions\/84175"}],"wp:featuredmedia":[{"embeddable":true,"href":"https:\/\/www.egemtv.com\/index.php?rest_route=\/wp\/v2\/media\/84174"}],"wp:attachment":[{"href":"https:\/\/www.egemtv.com\/index.php?rest_route=%2Fwp%2Fv2%2Fmedia&parent=84173"}],"wp:term":[{"taxonomy":"category","embeddable":true,"href":"https:\/\/www.egemtv.com\/index.php?rest_route=%2Fwp%2Fv2%2Fcategories&post=84173"},{"taxonomy":"post_tag","embeddable":true,"href":"https:\/\/www.egemtv.com\/index.php?rest_route=%2Fwp%2Fv2%2Ftags&post=84173"}],"curies":[{"name":"wp","href":"https:\/\/api.w.org\/{rel}","templated":true}]}}