{"id":84113,"date":"2026-01-30T14:55:10","date_gmt":"2026-01-30T11:55:10","guid":{"rendered":"https:\/\/www.egemtv.com\/?p=84113"},"modified":"2026-01-30T14:55:13","modified_gmt":"2026-01-30T11:55:13","slug":"camelide-camiler-ramazan-ayina-hazirlaniyor","status":"publish","type":"post","link":"https:\/\/www.egemtv.com\/?p=84113","title":{"rendered":"\u00c7ameli\u2019de camiler Ramazan ay\u0131na haz\u0131rlan\u0131yor"},"content":{"rendered":"<p>\u00c7ameli Belediyesi, yakla\u015fan Ramazan ay\u0131 \u00f6ncesinde il\u00e7e genelindeki cami ve mescitlerde kapsaml\u0131 temizlik \u00e7al\u0131\u015fmalar\u0131na ba\u015flad\u0131.<\/p>\n<p>Yakla\u015fan m\u00fcbarek Ramazan ay\u0131 dolay\u0131s\u0131yla \u00c7ameli Belediyesi taraf\u0131ndan il\u00e7e genelindeki cami ve mescitlerde kapsaml\u0131 temizlik \u00e7al\u0131\u015fmalar\u0131 ba\u015flat\u0131ld\u0131. Belediye ekipleri, Ramazan ay\u0131 \u00f6ncesinde ibadethanelerin daha hijyenik ve d\u00fczenli bir ortama kavu\u015fmas\u0131 i\u00e7in titiz bir \u00e7al\u0131\u015fma y\u00fcr\u00fct\u00fcyor. Bu y\u0131l da il\u00e7e merkezi ve mahallelerde bulunan cami ve mescitlerde detayl\u0131 temizlik \u00e7al\u0131\u015fmalar\u0131 ger\u00e7ekle\u015ftiriliyor. Ekipler; s\u00fcp\u00fcrme, toz alma, cam silme, ayakkab\u0131l\u0131k ve merdiven temizli\u011fi ile abdesthanelerin y\u0131kanmas\u0131 gibi i\u015flemleri \u00f6zenle s\u00fcrd\u00fcr\u00fcyor.<\/p>\n<p>\u00c7ameli Belediye Ba\u015fkan\u0131 Cengiz Arslan, y\u00fcr\u00fct\u00fclen \u00e7al\u0131\u015fmalarla ilgili yapt\u0131\u011f\u0131 a\u00e7\u0131klamada, &#8220;Vatanda\u015flar\u0131m\u0131z\u0131n Ramazan ay\u0131 boyunca ibadetlerini huzurlu ve temiz bir ortamda yerine getirebilmeleri i\u00e7in cami ve mescitlerimizde genel temizlik \u00e7al\u0131\u015fmalar\u0131m\u0131z\u0131 s\u00fcrd\u00fcr\u00fcyoruz. Ramazan ay\u0131 s\u00fcresince de temizlik ve dezenfeksiyon \u00e7al\u0131\u015fmalar\u0131m\u0131za aral\u0131ks\u0131z devam edece\u011fiz. Bu vesileyle m\u00fcbarek Ramazan ay\u0131n\u0131n il\u00e7emize, \u00fclkemize ve t\u00fcm \u0130slam \u00e2lemine hay\u0131rlar getirmesini temenni ediyorum&#8221; dedi.<br \/><\/p>\n","protected":false},"excerpt":{"rendered":"<p>\u00c7ameli Belediyesi, yakla\u015fan Ramazan ay\u0131 \u00f6ncesinde il\u00e7e genelindeki cami ve mescitlerde kapsaml\u0131 temizlik \u00e7al\u0131\u015fmalar\u0131na ba\u015flad\u0131. Yakla\u015fan m\u00fcbarek Ramazan ay\u0131 dolay\u0131s\u0131yla \u00c7ameli Belediyesi taraf\u0131ndan il\u00e7e genelindeki cami ve mescitlerde kapsaml\u0131 temizlik \u00e7al\u0131\u015fmalar\u0131 ba\u015flat\u0131ld\u0131. Belediye ekipleri, Ramazan ay\u0131 \u00f6ncesinde ibadethanelerin daha hijyenik ve d\u00fczenli bir ortama kavu\u015fmas\u0131 i\u00e7in titiz bir \u00e7al\u0131\u015fma y\u00fcr\u00fct\u00fcyor. Bu y\u0131l da il\u00e7e merkezi&#8230;<\/p>\n","protected":false},"author":1,"featured_media":84114,"comment_status":"open","ping_status":"open","sticky":false,"template":"","format":"standard","meta":{"_crdt_document":"","footnotes":""},"categories":[1],"tags":[],"class_list":["post-84113","post","type-post","status-publish","format-standard","has-post-thumbnail","hentry","category-guncel"],"_links":{"self":[{"href":"https:\/\/www.egemtv.com\/index.php?rest_route=\/wp\/v2\/posts\/84113","targetHints":{"allow":["GET"]}}],"collection":[{"href":"https:\/\/www.egemtv.com\/index.php?rest_route=\/wp\/v2\/posts"}],"about":[{"href":"https:\/\/www.egemtv.com\/index.php?rest_route=\/wp\/v2\/types\/post"}],"author":[{"embeddable":true,"href":"https:\/\/www.egemtv.com\/index.php?rest_route=\/wp\/v2\/users\/1"}],"replies":[{"embeddable":true,"href":"https:\/\/www.egemtv.com\/index.php?rest_route=%2Fwp%2Fv2%2Fcomments&post=84113"}],"version-history":[{"count":1,"href":"https:\/\/www.egemtv.com\/index.php?rest_route=\/wp\/v2\/posts\/84113\/revisions"}],"predecessor-version":[{"id":84115,"href":"https:\/\/www.egemtv.com\/index.php?rest_route=\/wp\/v2\/posts\/84113\/revisions\/84115"}],"wp:featuredmedia":[{"embeddable":true,"href":"https:\/\/www.egemtv.com\/index.php?rest_route=\/wp\/v2\/media\/84114"}],"wp:attachment":[{"href":"https:\/\/www.egemtv.com\/index.php?rest_route=%2Fwp%2Fv2%2Fmedia&parent=84113"}],"wp:term":[{"taxonomy":"category","embeddable":true,"href":"https:\/\/www.egemtv.com\/index.php?rest_route=%2Fwp%2Fv2%2Fcategories&post=84113"},{"taxonomy":"post_tag","embeddable":true,"href":"https:\/\/www.egemtv.com\/index.php?rest_route=%2Fwp%2Fv2%2Ftags&post=84113"}],"curies":[{"name":"wp","href":"https:\/\/api.w.org\/{rel}","templated":true}]}}