{"id":84110,"date":"2026-01-30T14:34:51","date_gmt":"2026-01-30T11:34:51","guid":{"rendered":"https:\/\/www.egemtv.com\/?p=84110"},"modified":"2026-01-30T14:34:52","modified_gmt":"2026-01-30T11:34:52","slug":"aydinda-188-bin-ogrenci-pazartesi-gunu-ders-basi-yapacak","status":"publish","type":"post","link":"https:\/\/www.egemtv.com\/?p=84110","title":{"rendered":"Ayd\u0131n\u2019da 188 bin \u00f6\u011frenci Pazartesi g\u00fcn\u00fc ders ba\u015f\u0131 yapacak"},"content":{"rendered":"<p>Ayd\u0131n\u2019da ilk ve orta\u00f6\u011fretim kurumlar\u0131nda okuyan 188 bin 343 \u00f6\u011frenci ara tatil sonras\u0131 02 \u015eubat Pazartesi g\u00fcn\u00fc ders ba\u015f\u0131 yapacak.<\/p>\n<p>8 Eyl\u00fcl 2025\u2019te ba\u015flayan 2025-2026 e\u011fitim \u00f6\u011fretim y\u0131l\u0131n\u0131n birinci d\u00f6nemi 16 Ocak 2026 g\u00fcn\u00fc sona ermi\u015fti. Ayd\u0131n\u2019da 877 ilk ve orta\u00f6\u011fretim kurumundaki 15 bin 750 \u00f6\u011fretmen ve 188 bin 343 \u00f6\u011frenci, yar\u0131y\u0131l tatilini yapmak \u00fczere karnelerini alm\u0131\u015ft\u0131.<\/p>\n<p>2 \u015eubat Pazartesi g\u00fcn\u00fc ba\u015flayacak olan ikinci d\u00f6nem ile \u00f6\u011frenciler ders ba\u015f\u0131 yapacak. \u0130kinci d\u00f6nem ara tatili ise 16-20 Mart\u2019ta yap\u0131lacak. 2025-2026 e\u011fitim \u00f6\u011fretim d\u00f6nemi, 26 Haziran\u2019da sona erecek<br \/><\/p>\n","protected":false},"excerpt":{"rendered":"<p>Ayd\u0131n\u2019da ilk ve orta\u00f6\u011fretim kurumlar\u0131nda okuyan 188 bin 343 \u00f6\u011frenci ara tatil sonras\u0131 02 \u015eubat Pazartesi g\u00fcn\u00fc ders ba\u015f\u0131 yapacak. 8 Eyl\u00fcl 2025\u2019te ba\u015flayan 2025-2026 e\u011fitim \u00f6\u011fretim y\u0131l\u0131n\u0131n birinci d\u00f6nemi 16 Ocak 2026 g\u00fcn\u00fc sona ermi\u015fti. Ayd\u0131n\u2019da 877 ilk ve orta\u00f6\u011fretim kurumundaki 15 bin 750 \u00f6\u011fretmen ve 188 bin 343 \u00f6\u011frenci, yar\u0131y\u0131l tatilini yapmak \u00fczere&#8230;<\/p>\n","protected":false},"author":1,"featured_media":84111,"comment_status":"open","ping_status":"open","sticky":false,"template":"","format":"standard","meta":{"_crdt_document":"","footnotes":""},"categories":[1],"tags":[],"class_list":["post-84110","post","type-post","status-publish","format-standard","has-post-thumbnail","hentry","category-guncel"],"_links":{"self":[{"href":"https:\/\/www.egemtv.com\/index.php?rest_route=\/wp\/v2\/posts\/84110","targetHints":{"allow":["GET"]}}],"collection":[{"href":"https:\/\/www.egemtv.com\/index.php?rest_route=\/wp\/v2\/posts"}],"about":[{"href":"https:\/\/www.egemtv.com\/index.php?rest_route=\/wp\/v2\/types\/post"}],"author":[{"embeddable":true,"href":"https:\/\/www.egemtv.com\/index.php?rest_route=\/wp\/v2\/users\/1"}],"replies":[{"embeddable":true,"href":"https:\/\/www.egemtv.com\/index.php?rest_route=%2Fwp%2Fv2%2Fcomments&post=84110"}],"version-history":[{"count":1,"href":"https:\/\/www.egemtv.com\/index.php?rest_route=\/wp\/v2\/posts\/84110\/revisions"}],"predecessor-version":[{"id":84112,"href":"https:\/\/www.egemtv.com\/index.php?rest_route=\/wp\/v2\/posts\/84110\/revisions\/84112"}],"wp:featuredmedia":[{"embeddable":true,"href":"https:\/\/www.egemtv.com\/index.php?rest_route=\/wp\/v2\/media\/84111"}],"wp:attachment":[{"href":"https:\/\/www.egemtv.com\/index.php?rest_route=%2Fwp%2Fv2%2Fmedia&parent=84110"}],"wp:term":[{"taxonomy":"category","embeddable":true,"href":"https:\/\/www.egemtv.com\/index.php?rest_route=%2Fwp%2Fv2%2Fcategories&post=84110"},{"taxonomy":"post_tag","embeddable":true,"href":"https:\/\/www.egemtv.com\/index.php?rest_route=%2Fwp%2Fv2%2Ftags&post=84110"}],"curies":[{"name":"wp","href":"https:\/\/api.w.org\/{rel}","templated":true}]}}