{"id":84107,"date":"2026-01-30T14:34:50","date_gmt":"2026-01-30T11:34:50","guid":{"rendered":"https:\/\/www.egemtv.com\/?p=84107"},"modified":"2026-01-30T14:34:51","modified_gmt":"2026-01-30T11:34:51","slug":"pinarbasi-kafe-yenilendi","status":"publish","type":"post","link":"https:\/\/www.egemtv.com\/?p=84107","title":{"rendered":"P\u0131narba\u015f\u0131 kafe yenilendi"},"content":{"rendered":"<p>P\u0131narba\u015f\u0131 Mesire Alan\u0131\u2019nda yer alan P\u0131narba\u015f\u0131 Kafe yenilenerek daha konforlu hale getirildi ve kapasitesi art\u0131r\u0131ld\u0131.<\/p>\n<p>Mesire alan\u0131n\u0131n e\u015fsiz do\u011fas\u0131yla b\u00fct\u00fcnle\u015fen kafenin yenilenmesiyle birlikte \u00f6zellikle k\u0131\u015f aylar\u0131nda da keyifli zaman ge\u00e7irilmesi i\u00e7in \u00fcst\u00fc kapal\u0131 k\u0131\u015fl\u0131k bir alan olu\u015fturuldu. Bu sayede ziyaret\u00e7iler ya\u011fmurlu ya da so\u011fuk havalarda d\u0131\u015f etkilerden etkilenmeden do\u011fayla i\u00e7 i\u00e7e vakit ge\u00e7irebilecek.<\/p>\n<p>P\u0131narba\u015f\u0131 Kafe\u2019de ayr\u0131ca vatanda\u015flar\u0131n e\u011flence ve sosyalle\u015fme imk\u00e2nlar\u0131n\u0131n art\u0131r\u0131lmas\u0131 amac\u0131yla \u00e7e\u015fitli oyun gruplar\u0131 da eklendi. Bu d\u00fczenlemeler, mesire alan\u0131n\u0131 ailelerin ve her ya\u015ftan ziyaret\u00e7inin daha s\u0131k tercih edece\u011fi modern bir bulu\u015fma noktas\u0131na d\u00f6n\u00fc\u015ft\u00fcrd\u00fc.<\/p>\n<p>\u00d6te yandan Efeler Belediyesi\u2019nin, vatanda\u015flar\u0131n ekonomik ya\u015fam\u0131na katk\u0131 sa\u011flamak amac\u0131yla hayata ge\u00e7irdi\u011fi Efem Kart ve Efe Mobil uygulamalar\u0131 sayesinde P\u0131narba\u015f\u0131 Kafe\u2019de de y\u00fczde 20 oran\u0131nda indirim imkan\u0131 sunuluyor. Vatanda\u015flar, Efem Kartlar\u0131 ya da Efe Mobil uygulamalar\u0131yla belediyeye ait sosyal tesislerde indirimli hizmet alabiliyorlar. Efem Kart ve Efe Mobil, sadece indirim avantaj\u0131 sunmakla kalmay\u0131p belediye hizmetlerine daha kolay eri\u015fim ve dijital kolayl\u0131k da sa\u011fl\u0131yor.<br \/><\/p>\n","protected":false},"excerpt":{"rendered":"<p>P\u0131narba\u015f\u0131 Mesire Alan\u0131\u2019nda yer alan P\u0131narba\u015f\u0131 Kafe yenilenerek daha konforlu hale getirildi ve kapasitesi art\u0131r\u0131ld\u0131. Mesire alan\u0131n\u0131n e\u015fsiz do\u011fas\u0131yla b\u00fct\u00fcnle\u015fen kafenin yenilenmesiyle birlikte \u00f6zellikle k\u0131\u015f aylar\u0131nda da keyifli zaman ge\u00e7irilmesi i\u00e7in \u00fcst\u00fc kapal\u0131 k\u0131\u015fl\u0131k bir alan olu\u015fturuldu. Bu sayede ziyaret\u00e7iler ya\u011fmurlu ya da so\u011fuk havalarda d\u0131\u015f etkilerden etkilenmeden do\u011fayla i\u00e7 i\u00e7e vakit ge\u00e7irebilecek. P\u0131narba\u015f\u0131 Kafe\u2019de&#8230;<\/p>\n","protected":false},"author":1,"featured_media":84108,"comment_status":"open","ping_status":"open","sticky":false,"template":"","format":"standard","meta":{"_crdt_document":"","footnotes":""},"categories":[1],"tags":[],"class_list":["post-84107","post","type-post","status-publish","format-standard","has-post-thumbnail","hentry","category-guncel"],"_links":{"self":[{"href":"https:\/\/www.egemtv.com\/index.php?rest_route=\/wp\/v2\/posts\/84107","targetHints":{"allow":["GET"]}}],"collection":[{"href":"https:\/\/www.egemtv.com\/index.php?rest_route=\/wp\/v2\/posts"}],"about":[{"href":"https:\/\/www.egemtv.com\/index.php?rest_route=\/wp\/v2\/types\/post"}],"author":[{"embeddable":true,"href":"https:\/\/www.egemtv.com\/index.php?rest_route=\/wp\/v2\/users\/1"}],"replies":[{"embeddable":true,"href":"https:\/\/www.egemtv.com\/index.php?rest_route=%2Fwp%2Fv2%2Fcomments&post=84107"}],"version-history":[{"count":1,"href":"https:\/\/www.egemtv.com\/index.php?rest_route=\/wp\/v2\/posts\/84107\/revisions"}],"predecessor-version":[{"id":84109,"href":"https:\/\/www.egemtv.com\/index.php?rest_route=\/wp\/v2\/posts\/84107\/revisions\/84109"}],"wp:featuredmedia":[{"embeddable":true,"href":"https:\/\/www.egemtv.com\/index.php?rest_route=\/wp\/v2\/media\/84108"}],"wp:attachment":[{"href":"https:\/\/www.egemtv.com\/index.php?rest_route=%2Fwp%2Fv2%2Fmedia&parent=84107"}],"wp:term":[{"taxonomy":"category","embeddable":true,"href":"https:\/\/www.egemtv.com\/index.php?rest_route=%2Fwp%2Fv2%2Fcategories&post=84107"},{"taxonomy":"post_tag","embeddable":true,"href":"https:\/\/www.egemtv.com\/index.php?rest_route=%2Fwp%2Fv2%2Ftags&post=84107"}],"curies":[{"name":"wp","href":"https:\/\/api.w.org\/{rel}","templated":true}]}}